{"id":13845,"date":"2025-10-10T12:04:36","date_gmt":"2025-10-10T10:04:36","guid":{"rendered":"https:\/\/radiojadranka.hr\/?p=13845"},"modified":"2025-10-10T12:05:02","modified_gmt":"2025-10-10T10:05:02","slug":"sutra-tradicionalna-42-arbunada-srd-udica","status":"publish","type":"post","link":"https:\/\/radiojadranka.hr\/index.php\/2025\/10\/10\/sutra-tradicionalna-42-arbunada-srd-udica\/","title":{"rendered":"Sutra tradicionalna 42. Arbunada SRD Udica!"},"content":{"rendered":"<p>42. ARBUNADA je tradicionalno me\u0111unarodno ekipno natjecanje u udi\u010darenju u lovu arbuna, rukom iz barke, a doma\u0107in i organizator natjecanja je SRD &#8220;Udica&#8221; Mali Lo\u0161inj. Natjecanje \u0107e se odr\u017eati 11.10.2025. godine u akvatoriju otoka Lo\u0161inja.<br \/>\nVodstvo natjecanja \u010dine: glavni sudac Dragan Jambro\u0161i\u0107 i tehni\u010dki voditelj natjecanjaAntonio Viski\u0107,<\/p>\n<p>Natjecanje traje sedam uzastopnih sati.\u00a0 Natjecatelji moraju ulov predati osobno na mati\u010dni brod do 15.00 sati, a mi smo doznali i ne\u0161to vi\u0161e infromacija od <strong>Dragana Jabro\u0161i\u0107a<\/strong>&#8230; poslu\u0161ajte&#8230;<\/p>\n<p>foto: SRD Udica<\/p>\n<p><iframe title=\"101025 Blitz Arbunada Drago Jambrosic\" width=\"100%\" height=\"120\" src=\"https:\/\/www.mixcloud.com\/widget\/iframe\/?feed=https%3A%2F%2Fwww.mixcloud.com%2Fradio_jadranka%2F101025-blitz-arbunada-drago-jambrosic%2F&amp;hide_cover=1\" frameborder=\"0\" allow=\"encrypted-media; fullscreen; autoplay; idle-detection; speaker-selection; web-share;\"><\/iframe><\/p>\n","protected":false},"excerpt":{"rendered":"<p>42. ARBUNADA je tradicionalno me\u0111unarodno ekipno natjecanje u udi\u010darenju u lovu arbuna, rukom iz barke, a doma\u0107in i organizator natjecanja je SRD &#8220;Udica&#8221; Mali Lo\u0161inj. Natjecanje \u0107e se odr\u017eati 11.10.2025. godine u akvatoriju otoka Lo\u0161inja. Vodstvo natjecanja \u010dine: glavni sudac Dragan Jambro\u0161i\u0107 i tehni\u010dki voditelj natjecanjaAntonio Viski\u0107, Natjecanje traje sedam ...<\/p>\n","protected":false},"author":2,"featured_media":13846,"comment_status":"closed","ping_status":"open","sticky":false,"template":"","format":"audio","meta":{"footnotes":""},"categories":[72],"tags":[],"class_list":["post-13845","post","type-post","status-publish","format-audio","has-post-thumbnail","hentry","category-vijesti","post_format-post-format-audio"],"aioseo_notices":[],"_links":{"self":[{"href":"https:\/\/radiojadranka.hr\/index.php\/wp-json\/wp\/v2\/posts\/13845","targetHints":{"allow":["GET"]}}],"collection":[{"href":"https:\/\/radiojadranka.hr\/index.php\/wp-json\/wp\/v2\/posts"}],"about":[{"href":"https:\/\/radiojadranka.hr\/index.php\/wp-json\/wp\/v2\/types\/post"}],"author":[{"embeddable":true,"href":"https:\/\/radiojadranka.hr\/index.php\/wp-json\/wp\/v2\/users\/2"}],"replies":[{"embeddable":true,"href":"https:\/\/radiojadranka.hr\/index.php\/wp-json\/wp\/v2\/comments?post=13845"}],"version-history":[{"count":2,"href":"https:\/\/radiojadranka.hr\/index.php\/wp-json\/wp\/v2\/posts\/13845\/revisions"}],"predecessor-version":[{"id":13848,"href":"https:\/\/radiojadranka.hr\/index.php\/wp-json\/wp\/v2\/posts\/13845\/revisions\/13848"}],"wp:featuredmedia":[{"embeddable":true,"href":"https:\/\/radiojadranka.hr\/index.php\/wp-json\/wp\/v2\/media\/13846"}],"wp:attachment":[{"href":"https:\/\/radiojadranka.hr\/index.php\/wp-json\/wp\/v2\/media?parent=13845"}],"wp:term":[{"taxonomy":"category","embeddable":true,"href":"https:\/\/radiojadranka.hr\/index.php\/wp-json\/wp\/v2\/categories?post=13845"},{"taxonomy":"post_tag","embeddable":true,"href":"https:\/\/radiojadranka.hr\/index.php\/wp-json\/wp\/v2\/tags?post=13845"}],"curies":[{"name":"wp","href":"https:\/\/api.w.org\/{rel}","templated":true}]}}