{"id":13792,"date":"2025-10-03T10:41:47","date_gmt":"2025-10-03T08:41:47","guid":{"rendered":"https:\/\/radiojadranka.hr\/?p=13792"},"modified":"2025-10-03T10:43:08","modified_gmt":"2025-10-03T08:43:08","slug":"13792","status":"publish","type":"post","link":"https:\/\/radiojadranka.hr\/index.php\/2025\/10\/03\/13792\/","title":{"rendered":"Po\u010deo prvi vikend Medisole s temom &#8220;Estetska medicina i ko\u017ea kao ogledalo zdravlja&#8221;"},"content":{"rendered":"<p>Nakon \u0161to je ju\u010der sve\u010dano otvoren prvi festival zdravlja i vitalnosti Medisola, danas po\u010dinje vikend u kojem \u0107e glavna tema biti\u00a0 estetska medicina i ko\u017ea kao ogledalo zdravlja. Tijekom cijelog vikenda bit \u0107e tu brojne radionice, prezentacije i vje\u017ebe u koje ste pozvani uklju\u010diti se! Sve informacije i rezervacije mo\u017eete dobiti od concierge-a hotela Bellevue na broj<strong> <em>051 679 053<\/em> !<\/strong><\/p>\n<p><img fetchpriority=\"high\" decoding=\"async\" class=\"alignnone size-medium wp-image-13795\" src=\"https:\/\/radiojadranka.hr\/wp-content\/uploads\/2025\/10\/Medisola-1-770x770.jpg\" alt=\"\" width=\"770\" height=\"770\" srcset=\"https:\/\/radiojadranka.hr\/wp-content\/uploads\/2025\/10\/Medisola-1-770x770.jpg 770w, https:\/\/radiojadranka.hr\/wp-content\/uploads\/2025\/10\/Medisola-1-150x150.jpg 150w, https:\/\/radiojadranka.hr\/wp-content\/uploads\/2025\/10\/Medisola-1-768x768.jpg 768w, https:\/\/radiojadranka.hr\/wp-content\/uploads\/2025\/10\/Medisola-1-100x100.jpg 100w, https:\/\/radiojadranka.hr\/wp-content\/uploads\/2025\/10\/Medisola-1-370x370.jpg 370w, https:\/\/radiojadranka.hr\/wp-content\/uploads\/2025\/10\/Medisola-1.jpg 959w\" sizes=\"(max-width: 770px) 100vw, 770px\" \/><img decoding=\"async\" class=\"alignnone size-medium wp-image-13794\" src=\"https:\/\/radiojadranka.hr\/wp-content\/uploads\/2025\/10\/Medisola-2-770x761.jpg\" alt=\"\" width=\"770\" height=\"761\" srcset=\"https:\/\/radiojadranka.hr\/wp-content\/uploads\/2025\/10\/Medisola-2-770x761.jpg 770w, https:\/\/radiojadranka.hr\/wp-content\/uploads\/2025\/10\/Medisola-2-768x759.jpg 768w, https:\/\/radiojadranka.hr\/wp-content\/uploads\/2025\/10\/Medisola-2-100x100.jpg 100w, https:\/\/radiojadranka.hr\/wp-content\/uploads\/2025\/10\/Medisola-2.jpg 944w\" sizes=\"(max-width: 770px) 100vw, 770px\" \/><img decoding=\"async\" class=\"alignnone wp-image-13796\" src=\"https:\/\/radiojadranka.hr\/wp-content\/uploads\/2025\/10\/25-9-3medigfeed-616x770.jpg\" alt=\"\" width=\"342\" height=\"428\" srcset=\"https:\/\/radiojadranka.hr\/wp-content\/uploads\/2025\/10\/25-9-3medigfeed-616x770.jpg 616w, https:\/\/radiojadranka.hr\/wp-content\/uploads\/2025\/10\/25-9-3medigfeed-936x1170.jpg 936w, https:\/\/radiojadranka.hr\/wp-content\/uploads\/2025\/10\/25-9-3medigfeed-768x960.jpg 768w, https:\/\/radiojadranka.hr\/wp-content\/uploads\/2025\/10\/25-9-3medigfeed-1229x1536.jpg 1229w, https:\/\/radiojadranka.hr\/wp-content\/uploads\/2025\/10\/25-9-3medigfeed-1639x2048.jpg 1639w, https:\/\/radiojadranka.hr\/wp-content\/uploads\/2025\/10\/25-9-3medigfeed-scaled.jpg 2048w\" sizes=\"(max-width: 342px) 100vw, 342px\" \/><\/p>\n","protected":false},"excerpt":{"rendered":"<p>Nakon \u0161to je ju\u010der sve\u010dano otvoren prvi festival zdravlja i vitalnosti Medisola, danas po\u010dinje vikend u kojem \u0107e glavna tema biti\u00a0 estetska medicina i ko\u017ea kao ogledalo zdravlja. Tijekom cijelog vikenda bit \u0107e tu brojne radionice, prezentacije i vje\u017ebe u koje ste pozvani uklju\u010diti se! Sve informacije i rezervacije mo\u017eete ...<\/p>\n","protected":false},"author":2,"featured_media":13796,"comment_status":"closed","ping_status":"open","sticky":false,"template":"","format":"audio","meta":{"footnotes":""},"categories":[72],"tags":[],"class_list":["post-13792","post","type-post","status-publish","format-audio","has-post-thumbnail","hentry","category-vijesti","post_format-post-format-audio"],"aioseo_notices":[],"_links":{"self":[{"href":"https:\/\/radiojadranka.hr\/index.php\/wp-json\/wp\/v2\/posts\/13792","targetHints":{"allow":["GET"]}}],"collection":[{"href":"https:\/\/radiojadranka.hr\/index.php\/wp-json\/wp\/v2\/posts"}],"about":[{"href":"https:\/\/radiojadranka.hr\/index.php\/wp-json\/wp\/v2\/types\/post"}],"author":[{"embeddable":true,"href":"https:\/\/radiojadranka.hr\/index.php\/wp-json\/wp\/v2\/users\/2"}],"replies":[{"embeddable":true,"href":"https:\/\/radiojadranka.hr\/index.php\/wp-json\/wp\/v2\/comments?post=13792"}],"version-history":[{"count":3,"href":"https:\/\/radiojadranka.hr\/index.php\/wp-json\/wp\/v2\/posts\/13792\/revisions"}],"predecessor-version":[{"id":13800,"href":"https:\/\/radiojadranka.hr\/index.php\/wp-json\/wp\/v2\/posts\/13792\/revisions\/13800"}],"wp:featuredmedia":[{"embeddable":true,"href":"https:\/\/radiojadranka.hr\/index.php\/wp-json\/wp\/v2\/media\/13796"}],"wp:attachment":[{"href":"https:\/\/radiojadranka.hr\/index.php\/wp-json\/wp\/v2\/media?parent=13792"}],"wp:term":[{"taxonomy":"category","embeddable":true,"href":"https:\/\/radiojadranka.hr\/index.php\/wp-json\/wp\/v2\/categories?post=13792"},{"taxonomy":"post_tag","embeddable":true,"href":"https:\/\/radiojadranka.hr\/index.php\/wp-json\/wp\/v2\/tags?post=13792"}],"curies":[{"name":"wp","href":"https:\/\/api.w.org\/{rel}","templated":true}]}}