{"id":13781,"date":"2025-10-02T14:48:57","date_gmt":"2025-10-02T12:48:57","guid":{"rendered":"https:\/\/radiojadranka.hr\/?p=13781"},"modified":"2025-10-02T14:49:35","modified_gmt":"2025-10-02T12:49:35","slug":"otvoren-festival-zdravlja-i-vitalnosti-medisola","status":"publish","type":"post","link":"https:\/\/radiojadranka.hr\/index.php\/2025\/10\/02\/otvoren-festival-zdravlja-i-vitalnosti-medisola\/","title":{"rendered":"Otvoren festival zdravlja i vitalnosti &#8220;Medisola&#8221;"},"content":{"rendered":"<p>U Hotelu Bellevue u Malom Lo\u0161inju danas je sve\u010dano otvoren Festival zdravlja i vitalnosti <strong>\u201eMEDISOLA\u201c<\/strong>, koji \u0107e trajati do 26. listopada.<\/p>\n<p>Na sve\u010danom otvorenju, pozdrave su uputile Lucija Juki\u0107 izvr\u0161na direktorica prodaje i marketinga Jadranka turizma, gradona\u010delnica Ana Ku\u010di\u0107, direktor turisti\u010dke zajednice Dalibor Cvitkovi\u0107, te Lara Soldi\u010di\u0107 Vodari\u0107 &#8211; direktorica prodaje\u00a0 za leisure i kkorporativni segment Jadranka turizma.<\/p>\n<p>Festival je zapo\u010deo konferencijom s dva panela.<br \/>\nNa prvom, pod nazivom<strong> <em>\u201eLjekovitost Lo\u0161inja kroz iskustva i znanost\u201c<\/em><\/strong>, sudjelovali su prof. dr. sc. Sr\u0111an Banac, dr. sc. Ana Bani\u0107, mr. sc. Anamarija Margan \u0160ulc i dr. Ivana Juki\u0107 Soldi\u010di\u0107.<br \/>\nDrugi panel, <strong><em>\u201eLo\u0161inj kao prostor za novu turisti\u010dku paradigmu\u201c<\/em><\/strong>, okupio je doc. dr. sc. Vladimira Mozeti\u010da, Luciju Juki\u0107, Renatu \u017dugi\u0107 i Dalibora Cvitkovi\u0107a.<\/p>\n<p>Festival <strong><a href=\"https:\/\/www.visitlosinj.hr\/default.aspx?DocPageID=34558&amp;BackendPreview=True&amp;NoUrlRewrite=True&amp;DocStrucID=1\">MEDISOLA<\/a><\/strong> donosi bogat program predavanja i radionica, a Lo\u0161inj se i ovim doga\u0111anjem potvr\u0111uje kao destinacija zdravlja i vitalnosti.<\/p>\n<p>&nbsp;<\/p>\n<div id='gallery-1' class='gallery galleryid-13781 gallery-columns-3 gallery-size-thumbnail'><figure class='gallery-item'>\n\t\t\t<div class='gallery-icon landscape'>\n\t\t\t\t<a href='https:\/\/radiojadranka.hr\/index.php\/2025\/10\/02\/otvoren-festival-zdravlja-i-vitalnosti-medisola\/img20251002114228\/'><img decoding=\"async\" width=\"150\" height=\"150\" src=\"https:\/\/radiojadranka.hr\/wp-content\/uploads\/2025\/10\/IMG20251002114228-150x150.jpg\" class=\"attachment-thumbnail size-thumbnail\" alt=\"\" srcset=\"https:\/\/radiojadranka.hr\/wp-content\/uploads\/2025\/10\/IMG20251002114228-150x150.jpg 150w, https:\/\/radiojadranka.hr\/wp-content\/uploads\/2025\/10\/IMG20251002114228-100x100.jpg 100w, https:\/\/radiojadranka.hr\/wp-content\/uploads\/2025\/10\/IMG20251002114228-370x370.jpg 370w\" sizes=\"(max-width: 150px) 100vw, 150px\" \/><\/a>\n\t\t\t<\/div><\/figure><figure class='gallery-item'>\n\t\t\t<div class='gallery-icon landscape'>\n\t\t\t\t<a href='https:\/\/radiojadranka.hr\/index.php\/2025\/10\/02\/otvoren-festival-zdravlja-i-vitalnosti-medisola\/img20251002110342\/'><img decoding=\"async\" width=\"150\" height=\"150\" src=\"https:\/\/radiojadranka.hr\/wp-content\/uploads\/2025\/10\/IMG20251002110342-150x150.jpg\" class=\"attachment-thumbnail size-thumbnail\" alt=\"\" srcset=\"https:\/\/radiojadranka.hr\/wp-content\/uploads\/2025\/10\/IMG20251002110342-150x150.jpg 150w, https:\/\/radiojadranka.hr\/wp-content\/uploads\/2025\/10\/IMG20251002110342-100x100.jpg 100w, https:\/\/radiojadranka.hr\/wp-content\/uploads\/2025\/10\/IMG20251002110342-370x370.jpg 370w\" sizes=\"(max-width: 150px) 100vw, 150px\" \/><\/a>\n\t\t\t<\/div><\/figure><figure class='gallery-item'>\n\t\t\t<div class='gallery-icon landscape'>\n\t\t\t\t<a href='https:\/\/radiojadranka.hr\/index.php\/2025\/10\/02\/otvoren-festival-zdravlja-i-vitalnosti-medisola\/img20251002110827\/'><img decoding=\"async\" width=\"150\" height=\"150\" src=\"https:\/\/radiojadranka.hr\/wp-content\/uploads\/2025\/10\/IMG20251002110827-150x150.jpg\" class=\"attachment-thumbnail size-thumbnail\" alt=\"\" srcset=\"https:\/\/radiojadranka.hr\/wp-content\/uploads\/2025\/10\/IMG20251002110827-150x150.jpg 150w, https:\/\/radiojadranka.hr\/wp-content\/uploads\/2025\/10\/IMG20251002110827-100x100.jpg 100w, https:\/\/radiojadranka.hr\/wp-content\/uploads\/2025\/10\/IMG20251002110827-370x370.jpg 370w\" sizes=\"(max-width: 150px) 100vw, 150px\" \/><\/a>\n\t\t\t<\/div><\/figure><figure class='gallery-item'>\n\t\t\t<div class='gallery-icon portrait'>\n\t\t\t\t<a href='https:\/\/radiojadranka.hr\/index.php\/2025\/10\/02\/otvoren-festival-zdravlja-i-vitalnosti-medisola\/img20251002111107\/'><img loading=\"lazy\" decoding=\"async\" width=\"150\" height=\"150\" src=\"https:\/\/radiojadranka.hr\/wp-content\/uploads\/2025\/10\/IMG20251002111107-150x150.jpg\" class=\"attachment-thumbnail size-thumbnail\" alt=\"\" srcset=\"https:\/\/radiojadranka.hr\/wp-content\/uploads\/2025\/10\/IMG20251002111107-150x150.jpg 150w, https:\/\/radiojadranka.hr\/wp-content\/uploads\/2025\/10\/IMG20251002111107-100x100.jpg 100w, https:\/\/radiojadranka.hr\/wp-content\/uploads\/2025\/10\/IMG20251002111107-370x370.jpg 370w\" sizes=\"(max-width: 150px) 100vw, 150px\" \/><\/a>\n\t\t\t<\/div><\/figure><figure class='gallery-item'>\n\t\t\t<div class='gallery-icon landscape'>\n\t\t\t\t<a href='https:\/\/radiojadranka.hr\/index.php\/2025\/10\/02\/otvoren-festival-zdravlja-i-vitalnosti-medisola\/img20251002113401\/'><img loading=\"lazy\" decoding=\"async\" width=\"150\" height=\"150\" src=\"https:\/\/radiojadranka.hr\/wp-content\/uploads\/2025\/10\/IMG20251002113401-150x150.jpg\" class=\"attachment-thumbnail size-thumbnail\" alt=\"\" srcset=\"https:\/\/radiojadranka.hr\/wp-content\/uploads\/2025\/10\/IMG20251002113401-150x150.jpg 150w, https:\/\/radiojadranka.hr\/wp-content\/uploads\/2025\/10\/IMG20251002113401-100x100.jpg 100w, https:\/\/radiojadranka.hr\/wp-content\/uploads\/2025\/10\/IMG20251002113401-370x370.jpg 370w\" sizes=\"(max-width: 150px) 100vw, 150px\" \/><\/a>\n\t\t\t<\/div><\/figure>\n\t\t<\/div>\n\n","protected":false},"excerpt":{"rendered":"<p>U Hotelu Bellevue u Malom Lo\u0161inju danas je sve\u010dano otvoren Festival zdravlja i vitalnosti \u201eMEDISOLA\u201c, koji \u0107e trajati do 26. listopada. Na sve\u010danom otvorenju, pozdrave su uputile Lucija Juki\u0107 izvr\u0161na direktorica prodaje i marketinga Jadranka turizma, gradona\u010delnica Ana Ku\u010di\u0107, direktor turisti\u010dke zajednice Dalibor Cvitkovi\u0107, te Lara Soldi\u010di\u0107 Vodari\u0107 &#8211; direktorica ...<\/p>\n","protected":false},"author":2,"featured_media":13782,"comment_status":"closed","ping_status":"open","sticky":false,"template":"","format":"audio","meta":{"footnotes":""},"categories":[72],"tags":[],"class_list":["post-13781","post","type-post","status-publish","format-audio","has-post-thumbnail","hentry","category-vijesti","post_format-post-format-audio"],"aioseo_notices":[],"_links":{"self":[{"href":"https:\/\/radiojadranka.hr\/index.php\/wp-json\/wp\/v2\/posts\/13781","targetHints":{"allow":["GET"]}}],"collection":[{"href":"https:\/\/radiojadranka.hr\/index.php\/wp-json\/wp\/v2\/posts"}],"about":[{"href":"https:\/\/radiojadranka.hr\/index.php\/wp-json\/wp\/v2\/types\/post"}],"author":[{"embeddable":true,"href":"https:\/\/radiojadranka.hr\/index.php\/wp-json\/wp\/v2\/users\/2"}],"replies":[{"embeddable":true,"href":"https:\/\/radiojadranka.hr\/index.php\/wp-json\/wp\/v2\/comments?post=13781"}],"version-history":[{"count":2,"href":"https:\/\/radiojadranka.hr\/index.php\/wp-json\/wp\/v2\/posts\/13781\/revisions"}],"predecessor-version":[{"id":13788,"href":"https:\/\/radiojadranka.hr\/index.php\/wp-json\/wp\/v2\/posts\/13781\/revisions\/13788"}],"wp:featuredmedia":[{"embeddable":true,"href":"https:\/\/radiojadranka.hr\/index.php\/wp-json\/wp\/v2\/media\/13782"}],"wp:attachment":[{"href":"https:\/\/radiojadranka.hr\/index.php\/wp-json\/wp\/v2\/media?parent=13781"}],"wp:term":[{"taxonomy":"category","embeddable":true,"href":"https:\/\/radiojadranka.hr\/index.php\/wp-json\/wp\/v2\/categories?post=13781"},{"taxonomy":"post_tag","embeddable":true,"href":"https:\/\/radiojadranka.hr\/index.php\/wp-json\/wp\/v2\/tags?post=13781"}],"curies":[{"name":"wp","href":"https:\/\/api.w.org\/{rel}","templated":true}]}}