{"id":13765,"date":"2025-09-26T14:12:07","date_gmt":"2025-09-26T12:12:07","guid":{"rendered":"https:\/\/radiojadranka.hr\/?p=13765"},"modified":"2025-09-26T14:12:07","modified_gmt":"2025-09-26T12:12:07","slug":"devet-njemackih-motocikala-nije-proslo-izvanredni-tehnicki-pregled","status":"publish","type":"post","link":"https:\/\/radiojadranka.hr\/index.php\/2025\/09\/26\/devet-njemackih-motocikala-nije-proslo-izvanredni-tehnicki-pregled\/","title":{"rendered":"Devet njema\u010dkih motocikala nije pro\u0161lo izvanredni tehni\u010dki pregled!"},"content":{"rendered":"<p>Policijski slu\u017ebenici Policijske postaje Mali Lo\u0161inj s ispostavom Cres ju\u010der su oko 16 sati na DC 100, Veloselska cesta kod ku\u0107nog broja 100, zaustavili u prometu skupinu od devet njema\u010dkih motociklista koji su vozilima ,njema\u010dkih nacionalnih oznaka, se kretali na opasan i ugro\u017eavaju\u0107i na\u010din.<\/p>\n<p>K tome, provedenim vizualnim tehni\u010dkim pregledom vozila uo\u010deni su ve\u0107i i opasni nedostaci na vozilima pa su ista im privremeno oduzeta i pohranjena u policijskim prostorijama.<\/p>\n<p>Za danas \u00a0je u Malom Lo\u0161inju dogovoren izvanredni tehni\u010dki pregled tih vozila nakon \u010dega slijedi podno\u0161enje odgovaraju\u0107ih prekr\u0161ajnih sankcija protiv navedenih voza\u010da. Doznajemo iz Policijske uprave Primorsko &#8211; goranske.<\/p>\n<p>Nakon izvanrednog tehni\u010dkog pregleda, potvr\u0111ene su sumnje lo\u0161injske policije, niti jedno od devet motora nije &#8220;pro\u0161lo&#8221; tehni\u010dki pregled. A obzirom da s na\u0161eg radija vidimo stanicu za tehni\u010dki pregled, \u010dula se izuzetna buka, a koja nas je izmamila iz na\u0161ih prostorije, te smo slikali trenutak pregleda vozila.<\/p>\n<p>&nbsp;<\/p>\n<div id='gallery-1' class='gallery galleryid-13765 gallery-columns-3 gallery-size-thumbnail'><figure class='gallery-item'>\n\t\t\t<div class='gallery-icon landscape'>\n\t\t\t\t<a href='https:\/\/radiojadranka.hr\/index.php\/2025\/09\/26\/devet-njemackih-motocikala-nije-proslo-izvanredni-tehnicki-pregled\/img-20250926-wa0003\/'><img decoding=\"async\" width=\"150\" height=\"150\" src=\"https:\/\/radiojadranka.hr\/wp-content\/uploads\/2025\/09\/IMG-20250926-WA0003-150x150.jpg\" class=\"attachment-thumbnail size-thumbnail\" alt=\"\" srcset=\"https:\/\/radiojadranka.hr\/wp-content\/uploads\/2025\/09\/IMG-20250926-WA0003-150x150.jpg 150w, https:\/\/radiojadranka.hr\/wp-content\/uploads\/2025\/09\/IMG-20250926-WA0003-100x100.jpg 100w, https:\/\/radiojadranka.hr\/wp-content\/uploads\/2025\/09\/IMG-20250926-WA0003-370x370.jpg 370w\" sizes=\"(max-width: 150px) 100vw, 150px\" \/><\/a>\n\t\t\t<\/div><\/figure><figure class='gallery-item'>\n\t\t\t<div class='gallery-icon landscape'>\n\t\t\t\t<a href='https:\/\/radiojadranka.hr\/index.php\/2025\/09\/26\/devet-njemackih-motocikala-nije-proslo-izvanredni-tehnicki-pregled\/img-20250926-wa0006\/'><img decoding=\"async\" width=\"150\" height=\"150\" src=\"https:\/\/radiojadranka.hr\/wp-content\/uploads\/2025\/09\/IMG-20250926-WA0006-150x150.jpg\" class=\"attachment-thumbnail size-thumbnail\" alt=\"\" srcset=\"https:\/\/radiojadranka.hr\/wp-content\/uploads\/2025\/09\/IMG-20250926-WA0006-150x150.jpg 150w, https:\/\/radiojadranka.hr\/wp-content\/uploads\/2025\/09\/IMG-20250926-WA0006-100x100.jpg 100w, https:\/\/radiojadranka.hr\/wp-content\/uploads\/2025\/09\/IMG-20250926-WA0006-370x370.jpg 370w\" sizes=\"(max-width: 150px) 100vw, 150px\" \/><\/a>\n\t\t\t<\/div><\/figure><figure class='gallery-item'>\n\t\t\t<div class='gallery-icon landscape'>\n\t\t\t\t<a href='https:\/\/radiojadranka.hr\/index.php\/2025\/09\/26\/devet-njemackih-motocikala-nije-proslo-izvanredni-tehnicki-pregled\/img-20250926-wa0004\/'><img decoding=\"async\" width=\"150\" height=\"150\" src=\"https:\/\/radiojadranka.hr\/wp-content\/uploads\/2025\/09\/IMG-20250926-WA0004-150x150.jpg\" class=\"attachment-thumbnail size-thumbnail\" alt=\"\" srcset=\"https:\/\/radiojadranka.hr\/wp-content\/uploads\/2025\/09\/IMG-20250926-WA0004-150x150.jpg 150w, https:\/\/radiojadranka.hr\/wp-content\/uploads\/2025\/09\/IMG-20250926-WA0004-100x100.jpg 100w, https:\/\/radiojadranka.hr\/wp-content\/uploads\/2025\/09\/IMG-20250926-WA0004-370x370.jpg 370w\" sizes=\"(max-width: 150px) 100vw, 150px\" \/><\/a>\n\t\t\t<\/div><\/figure>\n\t\t<\/div>\n\n","protected":false},"excerpt":{"rendered":"<p>Policijski slu\u017ebenici Policijske postaje Mali Lo\u0161inj s ispostavom Cres ju\u010der su oko 16 sati na DC 100, Veloselska cesta kod ku\u0107nog broja 100, zaustavili u prometu skupinu od devet njema\u010dkih motociklista koji su vozilima ,njema\u010dkih nacionalnih oznaka, se kretali na opasan i ugro\u017eavaju\u0107i na\u010din. K tome, provedenim vizualnim tehni\u010dkim pregledom ...<\/p>\n","protected":false},"author":2,"featured_media":13766,"comment_status":"closed","ping_status":"open","sticky":false,"template":"","format":"audio","meta":{"footnotes":""},"categories":[72],"tags":[],"class_list":["post-13765","post","type-post","status-publish","format-audio","has-post-thumbnail","hentry","category-vijesti","post_format-post-format-audio"],"aioseo_notices":[],"_links":{"self":[{"href":"https:\/\/radiojadranka.hr\/index.php\/wp-json\/wp\/v2\/posts\/13765","targetHints":{"allow":["GET"]}}],"collection":[{"href":"https:\/\/radiojadranka.hr\/index.php\/wp-json\/wp\/v2\/posts"}],"about":[{"href":"https:\/\/radiojadranka.hr\/index.php\/wp-json\/wp\/v2\/types\/post"}],"author":[{"embeddable":true,"href":"https:\/\/radiojadranka.hr\/index.php\/wp-json\/wp\/v2\/users\/2"}],"replies":[{"embeddable":true,"href":"https:\/\/radiojadranka.hr\/index.php\/wp-json\/wp\/v2\/comments?post=13765"}],"version-history":[{"count":1,"href":"https:\/\/radiojadranka.hr\/index.php\/wp-json\/wp\/v2\/posts\/13765\/revisions"}],"predecessor-version":[{"id":13769,"href":"https:\/\/radiojadranka.hr\/index.php\/wp-json\/wp\/v2\/posts\/13765\/revisions\/13769"}],"wp:featuredmedia":[{"embeddable":true,"href":"https:\/\/radiojadranka.hr\/index.php\/wp-json\/wp\/v2\/media\/13766"}],"wp:attachment":[{"href":"https:\/\/radiojadranka.hr\/index.php\/wp-json\/wp\/v2\/media?parent=13765"}],"wp:term":[{"taxonomy":"category","embeddable":true,"href":"https:\/\/radiojadranka.hr\/index.php\/wp-json\/wp\/v2\/categories?post=13765"},{"taxonomy":"post_tag","embeddable":true,"href":"https:\/\/radiojadranka.hr\/index.php\/wp-json\/wp\/v2\/tags?post=13765"}],"curies":[{"name":"wp","href":"https:\/\/api.w.org\/{rel}","templated":true}]}}