{"id":13759,"date":"2025-09-26T12:56:35","date_gmt":"2025-09-26T10:56:35","guid":{"rendered":"https:\/\/radiojadranka.hr\/?p=13759"},"modified":"2025-09-26T12:56:35","modified_gmt":"2025-09-26T10:56:35","slug":"marko-mikic-sutra-ce-se-u-osoru-zarediti-za-dakona","status":"publish","type":"post","link":"https:\/\/radiojadranka.hr\/index.php\/2025\/09\/26\/marko-mikic-sutra-ce-se-u-osoru-zarediti-za-dakona\/","title":{"rendered":"Marko Miki\u0107 sutra \u0107e se u Osoru zarediti za \u0111akona!"},"content":{"rendered":"<p>Sutra u subotu 27.9.2025. u osorskoj ex katedrali Uznesenja Marijina, Biskup kr\u010dki msg. Ivica Petanjak predvodit \u0107e euharistijsko slavlje na kojem \u0107e se odr\u017eat \u0111akonsko re\u0111enje Marka Miki\u0107a, bogoslova iz na\u0161e \u017eupe Ro\u0111enja Bla\u017eene Djevice Marije iz Malog Lo\u0161inja. Veliko je to slavlje za cijelu \u017eupnu zajednicu ali i za biskupiju. Pozivaju se vjernici da prisustvuju ovoj sve\u010danosti. Po\u010detak euharistijskog slavlja je u 11 sati!<\/p>\n<p>Marko Miki\u0107 danas je gostovao u programu na\u0161eg radija. Poslu\u0161ajte emisiju!<\/p>\n<p><iframe title=\"260925 Marko Mikic\" width=\"100%\" height=\"120\" src=\"https:\/\/www.mixcloud.com\/widget\/iframe\/?feed=https%3A%2F%2Fwww.mixcloud.com%2Fradio_jadranka%2F260925-marko-mikic%2F&amp;hide_cover=1\" frameborder=\"0\" allow=\"encrypted-media; fullscreen; autoplay; idle-detection; speaker-selection; web-share;\"><\/iframe><\/p>\n<p><img fetchpriority=\"high\" decoding=\"async\" class=\"alignnone size-medium wp-image-13760\" src=\"https:\/\/radiojadranka.hr\/wp-content\/uploads\/2025\/09\/IMG20250926104933-344x770.jpg\" alt=\"\" width=\"344\" height=\"770\" srcset=\"https:\/\/radiojadranka.hr\/wp-content\/uploads\/2025\/09\/IMG20250926104933-344x770.jpg 344w, https:\/\/radiojadranka.hr\/wp-content\/uploads\/2025\/09\/IMG20250926104933.jpg 403w\" sizes=\"(max-width: 344px) 100vw, 344px\" \/><\/p>\n","protected":false},"excerpt":{"rendered":"<p>Sutra u subotu 27.9.2025. u osorskoj ex katedrali Uznesenja Marijina, Biskup kr\u010dki msg. Ivica Petanjak predvodit \u0107e euharistijsko slavlje na kojem \u0107e se odr\u017eat \u0111akonsko re\u0111enje Marka Miki\u0107a, bogoslova iz na\u0161e \u017eupe Ro\u0111enja Bla\u017eene Djevice Marije iz Malog Lo\u0161inja. Veliko je to slavlje za cijelu \u017eupnu zajednicu ali i za ...<\/p>\n","protected":false},"author":2,"featured_media":13762,"comment_status":"closed","ping_status":"open","sticky":false,"template":"","format":"audio","meta":{"footnotes":""},"categories":[90,72],"tags":[],"class_list":["post-13759","post","type-post","status-publish","format-audio","has-post-thumbnail","hentry","category-religija","category-vijesti","post_format-post-format-audio"],"aioseo_notices":[],"_links":{"self":[{"href":"https:\/\/radiojadranka.hr\/index.php\/wp-json\/wp\/v2\/posts\/13759","targetHints":{"allow":["GET"]}}],"collection":[{"href":"https:\/\/radiojadranka.hr\/index.php\/wp-json\/wp\/v2\/posts"}],"about":[{"href":"https:\/\/radiojadranka.hr\/index.php\/wp-json\/wp\/v2\/types\/post"}],"author":[{"embeddable":true,"href":"https:\/\/radiojadranka.hr\/index.php\/wp-json\/wp\/v2\/users\/2"}],"replies":[{"embeddable":true,"href":"https:\/\/radiojadranka.hr\/index.php\/wp-json\/wp\/v2\/comments?post=13759"}],"version-history":[{"count":1,"href":"https:\/\/radiojadranka.hr\/index.php\/wp-json\/wp\/v2\/posts\/13759\/revisions"}],"predecessor-version":[{"id":13763,"href":"https:\/\/radiojadranka.hr\/index.php\/wp-json\/wp\/v2\/posts\/13759\/revisions\/13763"}],"wp:featuredmedia":[{"embeddable":true,"href":"https:\/\/radiojadranka.hr\/index.php\/wp-json\/wp\/v2\/media\/13762"}],"wp:attachment":[{"href":"https:\/\/radiojadranka.hr\/index.php\/wp-json\/wp\/v2\/media?parent=13759"}],"wp:term":[{"taxonomy":"category","embeddable":true,"href":"https:\/\/radiojadranka.hr\/index.php\/wp-json\/wp\/v2\/categories?post=13759"},{"taxonomy":"post_tag","embeddable":true,"href":"https:\/\/radiojadranka.hr\/index.php\/wp-json\/wp\/v2\/tags?post=13759"}],"curies":[{"name":"wp","href":"https:\/\/api.w.org\/{rel}","templated":true}]}}