{"id":13754,"date":"2025-09-25T12:16:55","date_gmt":"2025-09-25T10:16:55","guid":{"rendered":"https:\/\/radiojadranka.hr\/?p=13754"},"modified":"2025-09-25T12:16:55","modified_gmt":"2025-09-25T10:16:55","slug":"barbara-surlina-bilic-i-damjan-stanic-jak-dramske-radionice","status":"publish","type":"post","link":"https:\/\/radiojadranka.hr\/index.php\/2025\/09\/25\/barbara-surlina-bilic-i-damjan-stanic-jak-dramske-radionice\/","title":{"rendered":"Barbara \u0160urlina Bili\u0107 i Damjan Stani\u0107 &#8211; JAK dramske radionice"},"content":{"rendered":"<p><iframe title=\"250925 Rsp Jak Barbara I Damjan\" width=\"100%\" height=\"120\" src=\"https:\/\/www.mixcloud.com\/widget\/iframe\/?feed=https%3A%2F%2Fwww.mixcloud.com%2Fradio_jadranka%2F250925-rsp-jak-barbara-i-damjan%2F&amp;hide_cover=1\" frameborder=\"0\" allow=\"encrypted-media; fullscreen; autoplay; idle-detection; speaker-selection; web-share;\"><\/iframe><br \/>\nUredila i vodila: Ena Pervan<br \/>\nTonski obradio: Igor Bori\u0107<\/p>\n","protected":false},"excerpt":{"rendered":"<p>Uredila i vodila: Ena Pervan Tonski obradio: Igor Bori\u0107<\/p>\n","protected":false},"author":1,"featured_media":13755,"comment_status":"closed","ping_status":"open","sticky":false,"template":"","format":"audio","meta":{"footnotes":""},"categories":[68],"tags":[],"class_list":["post-13754","post","type-post","status-publish","format-audio","has-post-thumbnail","hentry","category-rsp","post_format-post-format-audio"],"aioseo_notices":[],"_links":{"self":[{"href":"https:\/\/radiojadranka.hr\/index.php\/wp-json\/wp\/v2\/posts\/13754","targetHints":{"allow":["GET"]}}],"collection":[{"href":"https:\/\/radiojadranka.hr\/index.php\/wp-json\/wp\/v2\/posts"}],"about":[{"href":"https:\/\/radiojadranka.hr\/index.php\/wp-json\/wp\/v2\/types\/post"}],"author":[{"embeddable":true,"href":"https:\/\/radiojadranka.hr\/index.php\/wp-json\/wp\/v2\/users\/1"}],"replies":[{"embeddable":true,"href":"https:\/\/radiojadranka.hr\/index.php\/wp-json\/wp\/v2\/comments?post=13754"}],"version-history":[{"count":1,"href":"https:\/\/radiojadranka.hr\/index.php\/wp-json\/wp\/v2\/posts\/13754\/revisions"}],"predecessor-version":[{"id":13756,"href":"https:\/\/radiojadranka.hr\/index.php\/wp-json\/wp\/v2\/posts\/13754\/revisions\/13756"}],"wp:featuredmedia":[{"embeddable":true,"href":"https:\/\/radiojadranka.hr\/index.php\/wp-json\/wp\/v2\/media\/13755"}],"wp:attachment":[{"href":"https:\/\/radiojadranka.hr\/index.php\/wp-json\/wp\/v2\/media?parent=13754"}],"wp:term":[{"taxonomy":"category","embeddable":true,"href":"https:\/\/radiojadranka.hr\/index.php\/wp-json\/wp\/v2\/categories?post=13754"},{"taxonomy":"post_tag","embeddable":true,"href":"https:\/\/radiojadranka.hr\/index.php\/wp-json\/wp\/v2\/tags?post=13754"}],"curies":[{"name":"wp","href":"https:\/\/api.w.org\/{rel}","templated":true}]}}