{"id":13696,"date":"2025-09-16T09:12:51","date_gmt":"2025-09-16T07:12:51","guid":{"rendered":"https:\/\/radiojadranka.hr\/?p=13696"},"modified":"2025-09-16T12:26:48","modified_gmt":"2025-09-16T10:26:48","slug":"mi-smo-otocani-365-dana-u-godini","status":"publish","type":"post","link":"https:\/\/radiojadranka.hr\/index.php\/2025\/09\/16\/mi-smo-otocani-365-dana-u-godini\/","title":{"rendered":"Mi smo oto\u010dani 365 dana u godini!"},"content":{"rendered":"<p><strong>Mi smo oto\u010dani 365 dana u godini!<\/strong><\/p>\n<p>Prvi je dan nakon zavr\u0161etka pilot projekta prednosti ukrcaja u trajekt za oto\u010dane, a koji se pokazao odli\u010dnim tijekom ljetnih mjeseci.<br \/>\nNaime, mi oto\u010dani tijekom ljetnih mjeseci koristili smo mogu\u0107nost prioritetnog ukrcaja u trajekt na dvije trajektne linije.<br \/>\nU luci Merag jutros je na polasku u 8,30 ostalo dvadesetak automobila me\u0111u njima bit \u0107e i koji oto\u010dan. Mi oto\u010dani smo oto\u010dani 365 dana u godini a ne samo tijekom ljeta.<br \/>\n<strong>Projekt treba prestat bit &#8220;projekt&#8221; i treba postat normalno da se oto\u010dani bez obzira na koli\u010dinu turista, uvijek s prioritetom ukrcaju u trajekt. I ne samo u 8,30 i 18,15, ve\u0107 na sve linije.<\/strong><br \/>\nOvo je jedan od na\u010dina na s kojim \u0107e se doprinjeti zadr\u017eavanju lokalnog stanovni\u0161tva na otocim!<br \/>\n<strong>I na koncu jo\u0161 jednom \u010destitke u\u010denicima srednje \u0161kole Ambroza Hara\u010di\u0107a iz Cresa &#8211; \u0160IZ-ovcima i njihovim profesoricama na <span class=\"xv78j7m\" spellcheck=\"false\">Projekt za trajekt<\/span>!<\/strong><\/p>\n<p><img fetchpriority=\"high\" decoding=\"async\" class=\"alignnone size-medium wp-image-13697\" src=\"https:\/\/radiojadranka.hr\/wp-content\/uploads\/2025\/09\/IMG-20250916-WA0000-770x578.jpg\" alt=\"\" width=\"770\" height=\"578\" srcset=\"https:\/\/radiojadranka.hr\/wp-content\/uploads\/2025\/09\/IMG-20250916-WA0000-770x578.jpg 770w, https:\/\/radiojadranka.hr\/wp-content\/uploads\/2025\/09\/IMG-20250916-WA0000-1170x878.jpg 1170w, https:\/\/radiojadranka.hr\/wp-content\/uploads\/2025\/09\/IMG-20250916-WA0000-768x576.jpg 768w, https:\/\/radiojadranka.hr\/wp-content\/uploads\/2025\/09\/IMG-20250916-WA0000-1536x1152.jpg 1536w, https:\/\/radiojadranka.hr\/wp-content\/uploads\/2025\/09\/IMG-20250916-WA0000.jpg 1600w\" sizes=\"(max-width: 770px) 100vw, 770px\" \/><\/p>\n","protected":false},"excerpt":{"rendered":"<p>Mi smo oto\u010dani 365 dana u godini! Prvi je dan nakon zavr\u0161etka pilot projekta prednosti ukrcaja u trajekt za oto\u010dane, a koji se pokazao odli\u010dnim tijekom ljetnih mjeseci. Naime, mi oto\u010dani tijekom ljetnih mjeseci koristili smo mogu\u0107nost prioritetnog ukrcaja u trajekt na dvije trajektne linije. U luci Merag jutros je ...<\/p>\n","protected":false},"author":2,"featured_media":13697,"comment_status":"closed","ping_status":"open","sticky":false,"template":"","format":"audio","meta":{"footnotes":""},"categories":[72],"tags":[],"class_list":["post-13696","post","type-post","status-publish","format-audio","has-post-thumbnail","hentry","category-vijesti","post_format-post-format-audio"],"aioseo_notices":[],"_links":{"self":[{"href":"https:\/\/radiojadranka.hr\/index.php\/wp-json\/wp\/v2\/posts\/13696","targetHints":{"allow":["GET"]}}],"collection":[{"href":"https:\/\/radiojadranka.hr\/index.php\/wp-json\/wp\/v2\/posts"}],"about":[{"href":"https:\/\/radiojadranka.hr\/index.php\/wp-json\/wp\/v2\/types\/post"}],"author":[{"embeddable":true,"href":"https:\/\/radiojadranka.hr\/index.php\/wp-json\/wp\/v2\/users\/2"}],"replies":[{"embeddable":true,"href":"https:\/\/radiojadranka.hr\/index.php\/wp-json\/wp\/v2\/comments?post=13696"}],"version-history":[{"count":3,"href":"https:\/\/radiojadranka.hr\/index.php\/wp-json\/wp\/v2\/posts\/13696\/revisions"}],"predecessor-version":[{"id":13700,"href":"https:\/\/radiojadranka.hr\/index.php\/wp-json\/wp\/v2\/posts\/13696\/revisions\/13700"}],"wp:featuredmedia":[{"embeddable":true,"href":"https:\/\/radiojadranka.hr\/index.php\/wp-json\/wp\/v2\/media\/13697"}],"wp:attachment":[{"href":"https:\/\/radiojadranka.hr\/index.php\/wp-json\/wp\/v2\/media?parent=13696"}],"wp:term":[{"taxonomy":"category","embeddable":true,"href":"https:\/\/radiojadranka.hr\/index.php\/wp-json\/wp\/v2\/categories?post=13696"},{"taxonomy":"post_tag","embeddable":true,"href":"https:\/\/radiojadranka.hr\/index.php\/wp-json\/wp\/v2\/tags?post=13696"}],"curies":[{"name":"wp","href":"https:\/\/api.w.org\/{rel}","templated":true}]}}