{"id":13486,"date":"2025-08-12T13:56:53","date_gmt":"2025-08-12T11:56:53","guid":{"rendered":"https:\/\/radiojadranka.hr\/?p=13486"},"modified":"2025-08-12T13:59:22","modified_gmt":"2025-08-12T11:59:22","slug":"prvih-sedam-mjeseci-bolji-no-srpanj-slabiji-od-proslogodisnjeg","status":"publish","type":"post","link":"https:\/\/radiojadranka.hr\/index.php\/2025\/08\/12\/prvih-sedam-mjeseci-bolji-no-srpanj-slabiji-od-proslogodisnjeg\/","title":{"rendered":"Prvih sedam mjeseci bolji, no srpanj slabiji od pro\u0161logodi\u0161njeg!"},"content":{"rendered":"<p>Direktor turisti\u010dke zajednice Mali Lo\u0161inj Dalibor Cvitkovi\u0107, danas je gostovao u na\u0161em programu. Govorili smo od nezaobilazne statistike, pa do brojnih doga\u0111anja i mjesnih fe\u0161ti! Poslu\u0161ajte emisiju koju je uredila i vodila na\u0161a Ena Pervan!<\/p>\n<p><iframe title=\"120825 Dalibor Cvitkovi\u0107\" width=\"100%\" height=\"120\" src=\"https:\/\/www.mixcloud.com\/widget\/iframe\/?feed=https%3A%2F%2Fwww.mixcloud.com%2Fradio_jadranka%2F120825-dalibor-cvitkovi%25C4%2587%2F&amp;hide_cover=1\" frameborder=\"0\" allow=\"encrypted-media; fullscreen; autoplay; idle-detection; speaker-selection; web-share;\"><\/iframe><\/p>\n<p><img fetchpriority=\"high\" decoding=\"async\" class=\"alignnone size-medium wp-image-13487\" src=\"https:\/\/radiojadranka.hr\/wp-content\/uploads\/2025\/08\/IMG20250812112508_01-344x770.jpg\" alt=\"\" width=\"344\" height=\"770\" srcset=\"https:\/\/radiojadranka.hr\/wp-content\/uploads\/2025\/08\/IMG20250812112508_01-344x770.jpg 344w, https:\/\/radiojadranka.hr\/wp-content\/uploads\/2025\/08\/IMG20250812112508_01-523x1170.jpg 523w, https:\/\/radiojadranka.hr\/wp-content\/uploads\/2025\/08\/IMG20250812112508_01.jpg 641w\" sizes=\"(max-width: 344px) 100vw, 344px\" \/><\/p>\n","protected":false},"excerpt":{"rendered":"<p>Direktor turisti\u010dke zajednice Mali Lo\u0161inj Dalibor Cvitkovi\u0107, danas je gostovao u na\u0161em programu. Govorili smo od nezaobilazne statistike, pa do brojnih doga\u0111anja i mjesnih fe\u0161ti! Poslu\u0161ajte emisiju koju je uredila i vodila na\u0161a Ena Pervan!<\/p>\n","protected":false},"author":2,"featured_media":13488,"comment_status":"closed","ping_status":"open","sticky":false,"template":"","format":"audio","meta":{"footnotes":""},"categories":[72],"tags":[],"class_list":["post-13486","post","type-post","status-publish","format-audio","has-post-thumbnail","hentry","category-vijesti","post_format-post-format-audio"],"aioseo_notices":[],"_links":{"self":[{"href":"https:\/\/radiojadranka.hr\/index.php\/wp-json\/wp\/v2\/posts\/13486","targetHints":{"allow":["GET"]}}],"collection":[{"href":"https:\/\/radiojadranka.hr\/index.php\/wp-json\/wp\/v2\/posts"}],"about":[{"href":"https:\/\/radiojadranka.hr\/index.php\/wp-json\/wp\/v2\/types\/post"}],"author":[{"embeddable":true,"href":"https:\/\/radiojadranka.hr\/index.php\/wp-json\/wp\/v2\/users\/2"}],"replies":[{"embeddable":true,"href":"https:\/\/radiojadranka.hr\/index.php\/wp-json\/wp\/v2\/comments?post=13486"}],"version-history":[{"count":3,"href":"https:\/\/radiojadranka.hr\/index.php\/wp-json\/wp\/v2\/posts\/13486\/revisions"}],"predecessor-version":[{"id":13491,"href":"https:\/\/radiojadranka.hr\/index.php\/wp-json\/wp\/v2\/posts\/13486\/revisions\/13491"}],"wp:featuredmedia":[{"embeddable":true,"href":"https:\/\/radiojadranka.hr\/index.php\/wp-json\/wp\/v2\/media\/13488"}],"wp:attachment":[{"href":"https:\/\/radiojadranka.hr\/index.php\/wp-json\/wp\/v2\/media?parent=13486"}],"wp:term":[{"taxonomy":"category","embeddable":true,"href":"https:\/\/radiojadranka.hr\/index.php\/wp-json\/wp\/v2\/categories?post=13486"},{"taxonomy":"post_tag","embeddable":true,"href":"https:\/\/radiojadranka.hr\/index.php\/wp-json\/wp\/v2\/tags?post=13486"}],"curies":[{"name":"wp","href":"https:\/\/api.w.org\/{rel}","templated":true}]}}