{"id":13469,"date":"2025-08-08T12:33:17","date_gmt":"2025-08-08T10:33:17","guid":{"rendered":"https:\/\/radiojadranka.hr\/?p=13469"},"modified":"2025-08-11T11:46:26","modified_gmt":"2025-08-11T09:46:26","slug":"ovogodisnji-nauticki-koncert","status":"publish","type":"post","link":"https:\/\/radiojadranka.hr\/index.php\/2025\/08\/08\/ovogodisnji-nauticki-koncert\/","title":{"rendered":"Ovogodi\u0161nji Nauti\u010dki koncert!"},"content":{"rendered":"<p data-start=\"118\" data-end=\"519\">U nedjelju, 10. kolovoza 2025. godine, s po\u010detkom u 16 sati, u predivnoj uvali Engleza na oto\u010di\u0107u Koludarcu, odr\u017eat \u0107e se jedinstveni Nauti\u010dki koncert.<\/p>\n<p data-start=\"118\" data-end=\"519\"><br data-start=\"273\" data-end=\"276\" \/>Ovaj posebni glazbeni doga\u0111aj ve\u0107 je godinama nezaobilazni dio ljeta, a posjetitelji \u0107e ga mo\u0107i pratiti iz svojih brodica, s obale ili sa stijena, u\u017eivaju\u0107i u \u010darobnoj kombinaciji prirodnog ambijenta i zvukova Puha\u010dkog orkestra &#8220;Josip Ka\u0161man&#8221;.<\/p>\n<p data-start=\"521\" data-end=\"838\">Uz bogat glazbeni program, za sve prisutne pripremljena je i prigodna lutrija s vrijednim nagradama, koja dodatno doprinosi sve\u010danoj i opu\u0161tenoj atmosferi koncerta. Uvala Engleza tako \u0107e se, barem na jedno nezaboravno popodne, ponovno pretvoriti u jedinstvenu pozornicu pod vedrim nebom \u2013 spoj mora, glazbe i prirode.<\/p>\n<p data-start=\"840\" data-end=\"999\">O 27. izdanju ovog koncerta vi\u0161e nam je rekao jedan od dugogodi\u0161njih \u010dlanova Puha\u010dkog orkestra \u201eJosip Ka\u0161man\u201c,Steno Viduli\u0107.<\/p>\n<p><iframe title=\"080825 Nauti\u010dki Koncert\" width=\"100%\" height=\"120\" src=\"https:\/\/www.mixcloud.com\/widget\/iframe\/?feed=https%3A%2F%2Fwww.mixcloud.com%2Fradio_jadranka%2F080825-nauti%25C4%258Dki-koncert%2F&amp;hide_cover=1\" frameborder=\"0\" allow=\"encrypted-media; fullscreen; autoplay; idle-detection; speaker-selection; web-share;\"><\/iframe><\/p>\n<p>&nbsp;<\/p>\n<p><img fetchpriority=\"high\" decoding=\"async\" class=\"alignnone size-medium wp-image-13470\" src=\"https:\/\/radiojadranka.hr\/wp-content\/uploads\/2025\/08\/A-770x578.jpg\" alt=\"\" width=\"770\" height=\"578\" srcset=\"https:\/\/radiojadranka.hr\/wp-content\/uploads\/2025\/08\/A-770x578.jpg 770w, https:\/\/radiojadranka.hr\/wp-content\/uploads\/2025\/08\/A-1170x878.jpg 1170w, https:\/\/radiojadranka.hr\/wp-content\/uploads\/2025\/08\/A-768x576.jpg 768w, https:\/\/radiojadranka.hr\/wp-content\/uploads\/2025\/08\/A-1536x1152.jpg 1536w, https:\/\/radiojadranka.hr\/wp-content\/uploads\/2025\/08\/A-2048x1536.jpg 2048w\" sizes=\"(max-width: 770px) 100vw, 770px\" \/>\u00a0 \u00a0 \u00a0 \u00a0 \u00a0<img decoding=\"async\" class=\"alignnone wp-image-13471\" src=\"https:\/\/radiojadranka.hr\/wp-content\/uploads\/2025\/08\/rff-548x770.jpg\" alt=\"\" width=\"409\" height=\"575\" srcset=\"https:\/\/radiojadranka.hr\/wp-content\/uploads\/2025\/08\/rff-548x770.jpg 548w, https:\/\/radiojadranka.hr\/wp-content\/uploads\/2025\/08\/rff-832x1170.jpg 832w, https:\/\/radiojadranka.hr\/wp-content\/uploads\/2025\/08\/rff-768x1080.jpg 768w, https:\/\/radiojadranka.hr\/wp-content\/uploads\/2025\/08\/rff-1093x1536.jpg 1093w, https:\/\/radiojadranka.hr\/wp-content\/uploads\/2025\/08\/rff.jpg 1200w\" sizes=\"(max-width: 409px) 100vw, 409px\" \/><\/p>\n","protected":false},"excerpt":{"rendered":"<p>U nedjelju, 10. kolovoza 2025. godine, s po\u010detkom u 16 sati, u predivnoj uvali Engleza na oto\u010di\u0107u Koludarcu, odr\u017eat \u0107e se jedinstveni Nauti\u010dki koncert. Ovaj posebni glazbeni doga\u0111aj ve\u0107 je godinama nezaobilazni dio ljeta, a posjetitelji \u0107e ga mo\u0107i pratiti iz svojih brodica, s obale ili sa stijena, u\u017eivaju\u0107i u ...<\/p>\n","protected":false},"author":4,"featured_media":13472,"comment_status":"closed","ping_status":"open","sticky":false,"template":"","format":"audio","meta":{"footnotes":""},"categories":[71],"tags":[],"class_list":["post-13469","post","type-post","status-publish","format-audio","has-post-thumbnail","hentry","category-blitz","post_format-post-format-audio"],"aioseo_notices":[],"_links":{"self":[{"href":"https:\/\/radiojadranka.hr\/index.php\/wp-json\/wp\/v2\/posts\/13469","targetHints":{"allow":["GET"]}}],"collection":[{"href":"https:\/\/radiojadranka.hr\/index.php\/wp-json\/wp\/v2\/posts"}],"about":[{"href":"https:\/\/radiojadranka.hr\/index.php\/wp-json\/wp\/v2\/types\/post"}],"author":[{"embeddable":true,"href":"https:\/\/radiojadranka.hr\/index.php\/wp-json\/wp\/v2\/users\/4"}],"replies":[{"embeddable":true,"href":"https:\/\/radiojadranka.hr\/index.php\/wp-json\/wp\/v2\/comments?post=13469"}],"version-history":[{"count":4,"href":"https:\/\/radiojadranka.hr\/index.php\/wp-json\/wp\/v2\/posts\/13469\/revisions"}],"predecessor-version":[{"id":13477,"href":"https:\/\/radiojadranka.hr\/index.php\/wp-json\/wp\/v2\/posts\/13469\/revisions\/13477"}],"wp:featuredmedia":[{"embeddable":true,"href":"https:\/\/radiojadranka.hr\/index.php\/wp-json\/wp\/v2\/media\/13472"}],"wp:attachment":[{"href":"https:\/\/radiojadranka.hr\/index.php\/wp-json\/wp\/v2\/media?parent=13469"}],"wp:term":[{"taxonomy":"category","embeddable":true,"href":"https:\/\/radiojadranka.hr\/index.php\/wp-json\/wp\/v2\/categories?post=13469"},{"taxonomy":"post_tag","embeddable":true,"href":"https:\/\/radiojadranka.hr\/index.php\/wp-json\/wp\/v2\/tags?post=13469"}],"curies":[{"name":"wp","href":"https:\/\/api.w.org\/{rel}","templated":true}]}}