{"id":13439,"date":"2025-08-01T10:32:50","date_gmt":"2025-08-01T08:32:50","guid":{"rendered":"https:\/\/radiojadranka.hr\/?p=13439"},"modified":"2025-08-01T10:32:50","modified_gmt":"2025-08-01T08:32:50","slug":"istina-i-laz-radionica-dokumentarnog-filma-i-laganja","status":"publish","type":"post","link":"https:\/\/radiojadranka.hr\/index.php\/2025\/08\/01\/istina-i-laz-radionica-dokumentarnog-filma-i-laganja\/","title":{"rendered":"Istina i la\u017e, radionica dokumentarnog filma i laganja"},"content":{"rendered":"<p data-start=\"64\" data-end=\"200\">\u0160to je to \u0161to razlikuje istinu od la\u017ei, stvarnost od iluzije?<br data-start=\"129\" data-end=\"132\" \/>Upravo tim pitanjima bavila su se djeca na radionici <em data-start=\"185\" data-end=\"199\">Istina i la\u017e<\/em>.<\/p>\n<p data-start=\"202\" data-end=\"558\">Radionica <em data-start=\"212\" data-end=\"226\">Istina i la\u017e<\/em> osmi\u0161ljena je kao uvod u svijet dokumentarnog filma i kreativnog izra\u017eavanja kroz filmsku formu. Polaznici su se upoznali s osnovama dokumentaristi\u010dkog pristupa te su, kroz terensko istra\u017eivanje, samostalan i grupni rad, u\u010dili kako i naizgled obi\u010dne, svakodnevne i dosadne teme mogu postati zanimljive \u2013 ako im se pristupi filmski.<\/p>\n<p data-start=\"560\" data-end=\"652\">Radionica je zapo\u010dela 29. srpnja, a posljednji dan odr\u017eavanja bit \u0107e 4. kolovoza ove godine.<\/p>\n<p data-start=\"654\" data-end=\"866\">Dok su djeca snimala kadrove prirode, njihova mentorica Anja Pletikosa otkrila nam je vi\u0161e o tome \u0161to su sve radili proteklih dana te objasnila \u0161to zapravo zna\u010di &#8220;filmski jezik&#8221; u kontekstu dokumentarnih filmova, ali i filmova op\u0107enito.<\/p>\n<p><iframe title=\"010825 Istina I La\u017e\" width=\"100%\" height=\"120\" src=\"https:\/\/www.mixcloud.com\/widget\/iframe\/?feed=https%3A%2F%2Fwww.mixcloud.com%2Fradio_jadranka%2F010825-istina-i-la%25C5%25BE%2F&amp;hide_cover=1\" frameborder=\"0\" allow=\"encrypted-media; fullscreen; autoplay; idle-detection; speaker-selection; web-share;\"><\/iframe><\/p>\n<p><iframe title=\"Istina i la\u017e, radionica dokumentarnog filma\" width=\"1170\" height=\"658\" src=\"https:\/\/www.youtube.com\/embed\/0uABtzOumpI?feature=oembed\" frameborder=\"0\" allow=\"accelerometer; autoplay; clipboard-write; encrypted-media; gyroscope; picture-in-picture; web-share\" referrerpolicy=\"strict-origin-when-cross-origin\" allowfullscreen><\/iframe><\/p>\n<p>&nbsp;<\/p>\n","protected":false},"excerpt":{"rendered":"<p>\u0160to je to \u0161to razlikuje istinu od la\u017ei, stvarnost od iluzije?Upravo tim pitanjima bavila su se djeca na radionici Istina i la\u017e. Radionica Istina i la\u017e osmi\u0161ljena je kao uvod u svijet dokumentarnog filma i kreativnog izra\u017eavanja kroz filmsku formu. Polaznici su se upoznali s osnovama dokumentaristi\u010dkog pristupa te su, ...<\/p>\n","protected":false},"author":4,"featured_media":13442,"comment_status":"closed","ping_status":"open","sticky":false,"template":"","format":"audio","meta":{"footnotes":""},"categories":[71],"tags":[],"class_list":["post-13439","post","type-post","status-publish","format-audio","has-post-thumbnail","hentry","category-blitz","post_format-post-format-audio"],"aioseo_notices":[],"_links":{"self":[{"href":"https:\/\/radiojadranka.hr\/index.php\/wp-json\/wp\/v2\/posts\/13439","targetHints":{"allow":["GET"]}}],"collection":[{"href":"https:\/\/radiojadranka.hr\/index.php\/wp-json\/wp\/v2\/posts"}],"about":[{"href":"https:\/\/radiojadranka.hr\/index.php\/wp-json\/wp\/v2\/types\/post"}],"author":[{"embeddable":true,"href":"https:\/\/radiojadranka.hr\/index.php\/wp-json\/wp\/v2\/users\/4"}],"replies":[{"embeddable":true,"href":"https:\/\/radiojadranka.hr\/index.php\/wp-json\/wp\/v2\/comments?post=13439"}],"version-history":[{"count":2,"href":"https:\/\/radiojadranka.hr\/index.php\/wp-json\/wp\/v2\/posts\/13439\/revisions"}],"predecessor-version":[{"id":13444,"href":"https:\/\/radiojadranka.hr\/index.php\/wp-json\/wp\/v2\/posts\/13439\/revisions\/13444"}],"wp:featuredmedia":[{"embeddable":true,"href":"https:\/\/radiojadranka.hr\/index.php\/wp-json\/wp\/v2\/media\/13442"}],"wp:attachment":[{"href":"https:\/\/radiojadranka.hr\/index.php\/wp-json\/wp\/v2\/media?parent=13439"}],"wp:term":[{"taxonomy":"category","embeddable":true,"href":"https:\/\/radiojadranka.hr\/index.php\/wp-json\/wp\/v2\/categories?post=13439"},{"taxonomy":"post_tag","embeddable":true,"href":"https:\/\/radiojadranka.hr\/index.php\/wp-json\/wp\/v2\/tags?post=13439"}],"curies":[{"name":"wp","href":"https:\/\/api.w.org\/{rel}","templated":true}]}}