{"id":13421,"date":"2025-07-29T12:28:06","date_gmt":"2025-07-29T10:28:06","guid":{"rendered":"https:\/\/radiojadranka.hr\/?p=13421"},"modified":"2025-07-29T13:40:45","modified_gmt":"2025-07-29T11:40:45","slug":"ljetna-skola-kriptografije-tajni-agenti","status":"publish","type":"post","link":"https:\/\/radiojadranka.hr\/index.php\/2025\/07\/29\/ljetna-skola-kriptografije-tajni-agenti\/","title":{"rendered":"Ljetna \u0161kola kriptografije: ,,Tajni agenti&#8221;"},"content":{"rendered":"<p data-start=\"50\" data-end=\"271\">U protekla dva tjedna u\u010denici \u010detvrtog i petog razreda Osnovne \u0161kole imali su priliku sudjelovati u ljetnoj \u0161koli kriptografije, koju su zajedni\u010dki organizirali Osnovna \u0161kola Maria Martinoli\u0107a, udruga STEAM SHOW i FABLAB.<\/p>\n<p data-start=\"273\" data-end=\"558\">\u0160kola se bli\u017ei svome kraju, to\u010dnije, zadnja radionica odr\u017eat \u0107e se u \u010detvrtak, 31. srpnja. Tim smo povodom razgovarali s voditeljem programa, Kre\u0161imirom \u010cani\u0107em, koji nam je otkrio vi\u0161e o ciljevima radionice, zanimljivim aktivnostima te o tome kako su u\u010denici reagirali na svijet \u0161ifriranja i de\u0161ifriranja poruka.<\/p>\n<audio class=\"wp-audio-shortcode\" id=\"audio-13421-1\" preload=\"none\" style=\"width: 100%;\" controls=\"controls\"><source type=\"audio\/mpeg\" src=\"https:\/\/www.jadranka.hr\/sites\/jadranka.hr\/files\/upload\/290725blitzkreimircanic.mp3?_=1\" \/><a href=\"https:\/\/www.jadranka.hr\/sites\/jadranka.hr\/files\/upload\/290725blitzkreimircanic.mp3\">https:\/\/www.jadranka.hr\/sites\/jadranka.hr\/files\/upload\/290725blitzkreimircanic.mp3<\/a><\/audio>\n<p>&nbsp;<\/p>\n<p>&nbsp;<\/p>\n<p><iframe title=\"Ljetna \u0161kola kriptografije: &quot;Tajni agenti&quot;\" width=\"1170\" height=\"658\" src=\"https:\/\/www.youtube.com\/embed\/BzlSa1LNAZ0?feature=oembed\" frameborder=\"0\" allow=\"accelerometer; autoplay; clipboard-write; encrypted-media; gyroscope; picture-in-picture; web-share\" referrerpolicy=\"strict-origin-when-cross-origin\" allowfullscreen><\/iframe><\/p>\n<p>&nbsp;<\/p>\n<p>&nbsp;<\/p>\n<p>&nbsp;<\/p>\n","protected":false},"excerpt":{"rendered":"<p>U protekla dva tjedna u\u010denici \u010detvrtog i petog razreda Osnovne \u0161kole imali su priliku sudjelovati u ljetnoj \u0161koli kriptografije, koju su zajedni\u010dki organizirali Osnovna \u0161kola Maria Martinoli\u0107a, udruga STEAM SHOW i FABLAB. \u0160kola se bli\u017ei svome kraju, to\u010dnije, zadnja radionica odr\u017eat \u0107e se u \u010detvrtak, 31. srpnja. Tim smo povodom ...<\/p>\n","protected":false},"author":4,"featured_media":13425,"comment_status":"closed","ping_status":"open","sticky":false,"template":"","format":"audio","meta":{"footnotes":""},"categories":[71],"tags":[],"class_list":["post-13421","post","type-post","status-publish","format-audio","has-post-thumbnail","hentry","category-blitz","post_format-post-format-audio"],"aioseo_notices":[],"_links":{"self":[{"href":"https:\/\/radiojadranka.hr\/index.php\/wp-json\/wp\/v2\/posts\/13421","targetHints":{"allow":["GET"]}}],"collection":[{"href":"https:\/\/radiojadranka.hr\/index.php\/wp-json\/wp\/v2\/posts"}],"about":[{"href":"https:\/\/radiojadranka.hr\/index.php\/wp-json\/wp\/v2\/types\/post"}],"author":[{"embeddable":true,"href":"https:\/\/radiojadranka.hr\/index.php\/wp-json\/wp\/v2\/users\/4"}],"replies":[{"embeddable":true,"href":"https:\/\/radiojadranka.hr\/index.php\/wp-json\/wp\/v2\/comments?post=13421"}],"version-history":[{"count":4,"href":"https:\/\/radiojadranka.hr\/index.php\/wp-json\/wp\/v2\/posts\/13421\/revisions"}],"predecessor-version":[{"id":13430,"href":"https:\/\/radiojadranka.hr\/index.php\/wp-json\/wp\/v2\/posts\/13421\/revisions\/13430"}],"wp:featuredmedia":[{"embeddable":true,"href":"https:\/\/radiojadranka.hr\/index.php\/wp-json\/wp\/v2\/media\/13425"}],"wp:attachment":[{"href":"https:\/\/radiojadranka.hr\/index.php\/wp-json\/wp\/v2\/media?parent=13421"}],"wp:term":[{"taxonomy":"category","embeddable":true,"href":"https:\/\/radiojadranka.hr\/index.php\/wp-json\/wp\/v2\/categories?post=13421"},{"taxonomy":"post_tag","embeddable":true,"href":"https:\/\/radiojadranka.hr\/index.php\/wp-json\/wp\/v2\/tags?post=13421"}],"curies":[{"name":"wp","href":"https:\/\/api.w.org\/{rel}","templated":true}]}}