{"id":13379,"date":"2025-07-16T12:22:06","date_gmt":"2025-07-16T10:22:06","guid":{"rendered":"https:\/\/radiojadranka.hr\/?p=13379"},"modified":"2025-07-21T09:30:56","modified_gmt":"2025-07-21T07:30:56","slug":"funkcijoniranje-hitne-helikopterske-sluzbe","status":"publish","type":"post","link":"https:\/\/radiojadranka.hr\/index.php\/2025\/07\/16\/funkcijoniranje-hitne-helikopterske-sluzbe\/","title":{"rendered":"Funkcioniranje hitne helikopterske slu\u017ebe"},"content":{"rendered":"<p>Predsjednik, Mladen Ture\u010dek, i udruga HELP (helikopterima lije\u010dnici poma\u017eu) tijekom posljednjih \u0161estnaest godina zala\u017eu se za uspostavu moderne helikopterske hitne medicinske slu\u017ebe, a nakon \u0161to je ista za\u017eivjela tijekom travnja pro\u0161le godine, i dalje se zala\u017eu za usavr\u0161avanje ove slu\u017ebe. Poslu\u0161ajte \u0161to smo doznali u dana\u0161njoj emisiji.<\/p>\n<p><iframe title=\"160725 Blitz\" width=\"100%\" height=\"120\" src=\"https:\/\/www.mixcloud.com\/widget\/iframe\/?feed=https%3A%2F%2Fwww.mixcloud.com%2Fradio_jadranka%2F160725-blitz%2F&amp;hide_cover=1\" frameborder=\"0\" allow=\"encrypted-media; fullscreen; autoplay; idle-detection; speaker-selection; web-share;\"><\/iframe><\/p>\n<p>&nbsp;<\/p>\n","protected":false},"excerpt":{"rendered":"<p>Predsjednik, Mladen Ture\u010dek, i udruga HELP (helikopterima lije\u010dnici poma\u017eu) tijekom posljednjih \u0161estnaest godina zala\u017eu se za uspostavu moderne helikopterske hitne medicinske slu\u017ebe, a nakon \u0161to je ista za\u017eivjela tijekom travnja pro\u0161le godine, i dalje se zala\u017eu za usavr\u0161avanje ove slu\u017ebe. Poslu\u0161ajte \u0161to smo doznali u dana\u0161njoj emisiji. &nbsp;<\/p>\n","protected":false},"author":4,"featured_media":13380,"comment_status":"closed","ping_status":"open","sticky":false,"template":"","format":"audio","meta":{"footnotes":""},"categories":[71],"tags":[133,139,116,138,119,120],"class_list":["post-13379","post","type-post","status-publish","format-audio","has-post-thumbnail","hentry","category-blitz","tag-blitz","tag-mali-losinj","tag-otok-vitalnosti","tag-radio","tag-radiojadranka","tag-radiolosinj","post_format-post-format-audio"],"aioseo_notices":[],"_links":{"self":[{"href":"https:\/\/radiojadranka.hr\/index.php\/wp-json\/wp\/v2\/posts\/13379","targetHints":{"allow":["GET"]}}],"collection":[{"href":"https:\/\/radiojadranka.hr\/index.php\/wp-json\/wp\/v2\/posts"}],"about":[{"href":"https:\/\/radiojadranka.hr\/index.php\/wp-json\/wp\/v2\/types\/post"}],"author":[{"embeddable":true,"href":"https:\/\/radiojadranka.hr\/index.php\/wp-json\/wp\/v2\/users\/4"}],"replies":[{"embeddable":true,"href":"https:\/\/radiojadranka.hr\/index.php\/wp-json\/wp\/v2\/comments?post=13379"}],"version-history":[{"count":2,"href":"https:\/\/radiojadranka.hr\/index.php\/wp-json\/wp\/v2\/posts\/13379\/revisions"}],"predecessor-version":[{"id":13392,"href":"https:\/\/radiojadranka.hr\/index.php\/wp-json\/wp\/v2\/posts\/13379\/revisions\/13392"}],"wp:featuredmedia":[{"embeddable":true,"href":"https:\/\/radiojadranka.hr\/index.php\/wp-json\/wp\/v2\/media\/13380"}],"wp:attachment":[{"href":"https:\/\/radiojadranka.hr\/index.php\/wp-json\/wp\/v2\/media?parent=13379"}],"wp:term":[{"taxonomy":"category","embeddable":true,"href":"https:\/\/radiojadranka.hr\/index.php\/wp-json\/wp\/v2\/categories?post=13379"},{"taxonomy":"post_tag","embeddable":true,"href":"https:\/\/radiojadranka.hr\/index.php\/wp-json\/wp\/v2\/tags?post=13379"}],"curies":[{"name":"wp","href":"https:\/\/api.w.org\/{rel}","templated":true}]}}