{"id":13361,"date":"2025-07-14T15:08:47","date_gmt":"2025-07-14T13:08:47","guid":{"rendered":"https:\/\/radiojadranka.hr\/?p=13361"},"modified":"2025-07-14T15:10:40","modified_gmt":"2025-07-14T13:10:40","slug":"pobjednici-kategorije-medijske-pismenosti-na-pulskom-filmskom-festivalu","status":"publish","type":"post","link":"https:\/\/radiojadranka.hr\/index.php\/2025\/07\/14\/pobjednici-kategorije-medijske-pismenosti-na-pulskom-filmskom-festivalu\/","title":{"rendered":"Pobjednici kategorije medijske pismenosti na Pulskom filmskom festivalu!"},"content":{"rendered":"<p>Kategorija medijske pismenosti na ovom, 72., Pulskom filmskom festivalu dijelila se na dvije potkategorije, osnovno\u0161kolsku i srednjo\u0161kolsku.<\/p>\n<p>U osnovno\u0161kolskoj kategoriji pobijedio je animirani film \u201e<a href=\"https:\/\/youtu.be\/s0OjT2Svp7Y\">\u0160umarak direkt<\/a>\u201d, koji su napravili Nola \u0160krbec, Simona Sermazi i Mihael \u0160o\u0161tari\u0107 iz Foto kino video \u00a0kluba Zapre\u0161i\u0107.<\/p>\n<p>Vi\u0161e o filmu rekle su nam same redateljice, Nola \u0160krbec I Simona Sermazi:<\/p>\n<p><iframe title=\"140725 \u0160umarak Direkt\" width=\"100%\" height=\"120\" src=\"https:\/\/www.mixcloud.com\/widget\/iframe\/?feed=https%3A%2F%2Fwww.mixcloud.com%2Fradio_jadranka%2F140725-%25C5%25A1umarak-direkt%2F&amp;hide_cover=1\" frameborder=\"0\" allow=\"encrypted-media; fullscreen; autoplay; idle-detection; speaker-selection; web-share;\"><\/iframe><\/p>\n<p>U srednjo\u0161kolskoj kategoriji pobijedio je eksperimentalni film \u201e<a href=\"https:\/\/youtu.be\/uyDaOgMKuK0\">Bura<\/a>\u201d, koji su napravili Karlo Mu\u0161kardin i Sanjin Stipi\u0107 iz Filmske skupine Srednje \u0161kole Ambroza Hara\u010di\u0107a iz Malog Lo\u0161inja.<\/p>\n<p>Vi\u0161e o izradi I zna\u010denju filma rekao nam je jedan od autora filma Karlo Muskardin:<\/p>\n<p><iframe title=\"140725 Bura\" width=\"100%\" height=\"120\" src=\"https:\/\/www.mixcloud.com\/widget\/iframe\/?feed=https%3A%2F%2Fwww.mixcloud.com%2Fradio_jadranka%2F140725-bura%2F&amp;hide_cover=1\" frameborder=\"0\" allow=\"encrypted-media; fullscreen; autoplay; idle-detection; speaker-selection; web-share;\"><\/iframe><\/p>\n<p>Svoje dojmove o filmu s nama je podjelio je filmski i televizijski redatelj Daniel Ku\u0161an:<\/p>\n<p><iframe title=\"140525 Daniel Ku\u0161an\" width=\"100%\" height=\"120\" src=\"https:\/\/www.mixcloud.com\/widget\/iframe\/?feed=https%3A%2F%2Fwww.mixcloud.com%2Fradio_jadranka%2F140525daniel-ku%25C5%25A1an%2F&amp;hide_cover=1\" frameborder=\"0\" allow=\"encrypted-media; fullscreen; autoplay; idle-detection; speaker-selection; web-share;\"><\/iframe><\/p>\n<p>&nbsp;<\/p>\n<p>&nbsp;<\/p>\n<p>&nbsp;<\/p>\n<p>&nbsp;<\/p>\n<p>&nbsp;<\/p>\n","protected":false},"excerpt":{"rendered":"<p>Kategorija medijske pismenosti na ovom, 72., Pulskom filmskom festivalu dijelila se na dvije potkategorije, osnovno\u0161kolsku i srednjo\u0161kolsku. U osnovno\u0161kolskoj kategoriji pobijedio je animirani film \u201e\u0160umarak direkt\u201d, koji su napravili Nola \u0160krbec, Simona Sermazi i Mihael \u0160o\u0161tari\u0107 iz Foto kino video \u00a0kluba Zapre\u0161i\u0107. Vi\u0161e o filmu rekle su nam same redateljice, ...<\/p>\n","protected":false},"author":4,"featured_media":13325,"comment_status":"closed","ping_status":"open","sticky":false,"template":"","format":"audio","meta":{"footnotes":""},"categories":[72],"tags":[139,116,138,119,120,117],"class_list":["post-13361","post","type-post","status-publish","format-audio","has-post-thumbnail","hentry","category-vijesti","tag-mali-losinj","tag-otok-vitalnosti","tag-radio","tag-radiojadranka","tag-radiolosinj","tag-visitlosinj","post_format-post-format-audio"],"aioseo_notices":[],"_links":{"self":[{"href":"https:\/\/radiojadranka.hr\/index.php\/wp-json\/wp\/v2\/posts\/13361","targetHints":{"allow":["GET"]}}],"collection":[{"href":"https:\/\/radiojadranka.hr\/index.php\/wp-json\/wp\/v2\/posts"}],"about":[{"href":"https:\/\/radiojadranka.hr\/index.php\/wp-json\/wp\/v2\/types\/post"}],"author":[{"embeddable":true,"href":"https:\/\/radiojadranka.hr\/index.php\/wp-json\/wp\/v2\/users\/4"}],"replies":[{"embeddable":true,"href":"https:\/\/radiojadranka.hr\/index.php\/wp-json\/wp\/v2\/comments?post=13361"}],"version-history":[{"count":2,"href":"https:\/\/radiojadranka.hr\/index.php\/wp-json\/wp\/v2\/posts\/13361\/revisions"}],"predecessor-version":[{"id":13364,"href":"https:\/\/radiojadranka.hr\/index.php\/wp-json\/wp\/v2\/posts\/13361\/revisions\/13364"}],"wp:featuredmedia":[{"embeddable":true,"href":"https:\/\/radiojadranka.hr\/index.php\/wp-json\/wp\/v2\/media\/13325"}],"wp:attachment":[{"href":"https:\/\/radiojadranka.hr\/index.php\/wp-json\/wp\/v2\/media?parent=13361"}],"wp:term":[{"taxonomy":"category","embeddable":true,"href":"https:\/\/radiojadranka.hr\/index.php\/wp-json\/wp\/v2\/categories?post=13361"},{"taxonomy":"post_tag","embeddable":true,"href":"https:\/\/radiojadranka.hr\/index.php\/wp-json\/wp\/v2\/tags?post=13361"}],"curies":[{"name":"wp","href":"https:\/\/api.w.org\/{rel}","templated":true}]}}