{"id":13351,"date":"2025-07-14T13:30:16","date_gmt":"2025-07-14T11:30:16","guid":{"rendered":"https:\/\/radiojadranka.hr\/?p=13351"},"modified":"2025-07-14T13:30:16","modified_gmt":"2025-07-14T11:30:16","slug":"izlozba-radova-djece-polaznika-male-likovne-akademije-vivoda","status":"publish","type":"post","link":"https:\/\/radiojadranka.hr\/index.php\/2025\/07\/14\/izlozba-radova-djece-polaznika-male-likovne-akademije-vivoda\/","title":{"rendered":"Izlo\u017eba radova djece polaznika MALE likovne akademije Vivoda"},"content":{"rendered":"<p>Izlo\u017eba radova djece polaznika MALE likovne akademije Vivoda, koju Dru\u0161tvo na\u0161a djeca Mali Lo\u0161inj organizira ve\u0107 tre\u0107u godinu za redom slu\u017ebeno je otvorena od subote 12. srpnja, a ostat \u0107e do samog konca ovog ljeta.<\/p>\n<p>Svih vas pozivamo da do\u0111ete u gradsku knji\u017enicu i \u010ditaonicu Mali lo\u0161inj i pogledate ta prava mala umjetni\u010dka djela u raznim likovnim tehnikama.<\/p>\n<p>Poslu\u0161ajmo \u0161to je na otvorenju rekla predsjednica Dru\u0161tva na\u0161a djeca Jadranka Hofmann, te voditeljice te radionice Petra \u0160abi\u0107 i Andreja Vivoda.<\/p>\n<p><iframe title=\"140725 Blitz\" width=\"100%\" height=\"120\" src=\"https:\/\/www.mixcloud.com\/widget\/iframe\/?feed=https%3A%2F%2Fwww.mixcloud.com%2Fradio_jadranka%2F140725-blitz%2F&amp;hide_cover=1\" frameborder=\"0\" allow=\"encrypted-media; fullscreen; autoplay; idle-detection; speaker-selection; web-share;\"><\/iframe><\/p>\n<p>&nbsp;<\/p>\n<p>&nbsp;<\/p>\n<p><img fetchpriority=\"high\" decoding=\"async\" class=\"size-medium wp-image-13353\" src=\"https:\/\/radiojadranka.hr\/wp-content\/uploads\/2025\/07\/IMG20250712190511-770x343.jpg\" alt=\"\" width=\"770\" height=\"343\" srcset=\"https:\/\/radiojadranka.hr\/wp-content\/uploads\/2025\/07\/IMG20250712190511-770x343.jpg 770w, https:\/\/radiojadranka.hr\/wp-content\/uploads\/2025\/07\/IMG20250712190511-1170x522.jpg 1170w, https:\/\/radiojadranka.hr\/wp-content\/uploads\/2025\/07\/IMG20250712190511-768x342.jpg 768w, https:\/\/radiojadranka.hr\/wp-content\/uploads\/2025\/07\/IMG20250712190511-1536x685.jpg 1536w, https:\/\/radiojadranka.hr\/wp-content\/uploads\/2025\/07\/IMG20250712190511.jpg 1920w\" sizes=\"(max-width: 770px) 100vw, 770px\" \/><\/p>\n<p>&nbsp;<\/p>\n<p><img decoding=\"async\" class=\"size-medium wp-image-13354\" src=\"https:\/\/radiojadranka.hr\/wp-content\/uploads\/2025\/07\/IMG20250712185837-770x344.jpg\" alt=\"\" width=\"770\" height=\"344\" srcset=\"https:\/\/radiojadranka.hr\/wp-content\/uploads\/2025\/07\/IMG20250712185837-770x344.jpg 770w, https:\/\/radiojadranka.hr\/wp-content\/uploads\/2025\/07\/IMG20250712185837-1170x523.jpg 1170w, https:\/\/radiojadranka.hr\/wp-content\/uploads\/2025\/07\/IMG20250712185837-768x344.jpg 768w, https:\/\/radiojadranka.hr\/wp-content\/uploads\/2025\/07\/IMG20250712185837-1536x687.jpg 1536w, https:\/\/radiojadranka.hr\/wp-content\/uploads\/2025\/07\/IMG20250712185837.jpg 1920w\" sizes=\"(max-width: 770px) 100vw, 770px\" \/><\/p>\n<p>&nbsp;<\/p>\n<p><img decoding=\"async\" class=\"size-medium wp-image-13355\" src=\"https:\/\/radiojadranka.hr\/wp-content\/uploads\/2025\/07\/IMG20250712190612-770x343.jpg\" alt=\"\" width=\"770\" height=\"343\" srcset=\"https:\/\/radiojadranka.hr\/wp-content\/uploads\/2025\/07\/IMG20250712190612-770x343.jpg 770w, https:\/\/radiojadranka.hr\/wp-content\/uploads\/2025\/07\/IMG20250712190612-1170x522.jpg 1170w, https:\/\/radiojadranka.hr\/wp-content\/uploads\/2025\/07\/IMG20250712190612-768x342.jpg 768w, https:\/\/radiojadranka.hr\/wp-content\/uploads\/2025\/07\/IMG20250712190612-1536x685.jpg 1536w, https:\/\/radiojadranka.hr\/wp-content\/uploads\/2025\/07\/IMG20250712190612.jpg 1920w\" sizes=\"(max-width: 770px) 100vw, 770px\" \/><\/p>\n","protected":false},"excerpt":{"rendered":"<p>Izlo\u017eba radova djece polaznika MALE likovne akademije Vivoda, koju Dru\u0161tvo na\u0161a djeca Mali Lo\u0161inj organizira ve\u0107 tre\u0107u godinu za redom slu\u017ebeno je otvorena od subote 12. srpnja, a ostat \u0107e do samog konca ovog ljeta. Svih vas pozivamo da do\u0111ete u gradsku knji\u017enicu i \u010ditaonicu Mali lo\u0161inj i pogledate ta ...<\/p>\n","protected":false},"author":4,"featured_media":13356,"comment_status":"closed","ping_status":"open","sticky":false,"template":"","format":"audio","meta":{"footnotes":""},"categories":[71],"tags":[133,139,116,138,119,120,144],"class_list":["post-13351","post","type-post","status-publish","format-audio","has-post-thumbnail","hentry","category-blitz","tag-blitz","tag-mali-losinj","tag-otok-vitalnosti","tag-radio","tag-radiojadranka","tag-radiolosinj","tag-umjetnost","post_format-post-format-audio"],"aioseo_notices":[],"_links":{"self":[{"href":"https:\/\/radiojadranka.hr\/index.php\/wp-json\/wp\/v2\/posts\/13351","targetHints":{"allow":["GET"]}}],"collection":[{"href":"https:\/\/radiojadranka.hr\/index.php\/wp-json\/wp\/v2\/posts"}],"about":[{"href":"https:\/\/radiojadranka.hr\/index.php\/wp-json\/wp\/v2\/types\/post"}],"author":[{"embeddable":true,"href":"https:\/\/radiojadranka.hr\/index.php\/wp-json\/wp\/v2\/users\/4"}],"replies":[{"embeddable":true,"href":"https:\/\/radiojadranka.hr\/index.php\/wp-json\/wp\/v2\/comments?post=13351"}],"version-history":[{"count":1,"href":"https:\/\/radiojadranka.hr\/index.php\/wp-json\/wp\/v2\/posts\/13351\/revisions"}],"predecessor-version":[{"id":13357,"href":"https:\/\/radiojadranka.hr\/index.php\/wp-json\/wp\/v2\/posts\/13351\/revisions\/13357"}],"wp:featuredmedia":[{"embeddable":true,"href":"https:\/\/radiojadranka.hr\/index.php\/wp-json\/wp\/v2\/media\/13356"}],"wp:attachment":[{"href":"https:\/\/radiojadranka.hr\/index.php\/wp-json\/wp\/v2\/media?parent=13351"}],"wp:term":[{"taxonomy":"category","embeddable":true,"href":"https:\/\/radiojadranka.hr\/index.php\/wp-json\/wp\/v2\/categories?post=13351"},{"taxonomy":"post_tag","embeddable":true,"href":"https:\/\/radiojadranka.hr\/index.php\/wp-json\/wp\/v2\/tags?post=13351"}],"curies":[{"name":"wp","href":"https:\/\/api.w.org\/{rel}","templated":true}]}}