{"id":13323,"date":"2025-07-11T15:10:22","date_gmt":"2025-07-11T13:10:22","guid":{"rendered":"https:\/\/radiojadranka.hr\/?p=13323"},"modified":"2025-07-11T15:19:43","modified_gmt":"2025-07-11T13:19:43","slug":"izvrsne-vijesti-iz-pule-film-bura-karla-muskardina-i-sanjina-stipica-pobjednik-u-svojoj-kategoriji-na-pulskom-filmskom-festivalu","status":"publish","type":"post","link":"https:\/\/radiojadranka.hr\/index.php\/2025\/07\/11\/izvrsne-vijesti-iz-pule-film-bura-karla-muskardina-i-sanjina-stipica-pobjednik-u-svojoj-kategoriji-na-pulskom-filmskom-festivalu\/","title":{"rendered":"Izvrsne vijesti iz Pule! Film &#8220;Bura&#8221; Karla Muskardina i Sanjina Stipi\u0107a pobjednik u svojoj kategoriji na Pulskom filmskom festivalu!"},"content":{"rendered":"<p><strong>Izvrsne vijesti iz Pule!<\/strong><\/p>\n<p><strong>U sklopu Pulskog filmskog festivala, u kinu Vall progla\u0161eni su pobjednici filmskog natje\u010daja koji u okviru Dana medijske pismenosti organiziraju Agencija za elektroni\u010dke medije, UNICEF i Hrvatski filmski savez, a ove se godine uklju\u010dio\u00a0 i Pulski filmski festival.<\/strong><\/p>\n<p><strong>U srednjo\u0161kolskoj kategoriji pobijedio je film \u201e<\/strong><a href=\"https:\/\/youtu.be\/uyDaOgMKuK0\"><strong>Bura<\/strong><\/a><strong>\u201d<\/strong>,<strong> koji su napravili Karlo Muskardin i Sanjin Stipi\u0107 iz Filmske skupine Srednje \u0161kole Ambroza Hara\u010di\u0107a iz Malog Lo\u0161inja, pod mentorstvom s.Ru\u017eice Dodig, dok je u glavnoj ulozi Aurora Domika Juki\u0107!<\/strong><\/p>\n<p>\u201eOva nagrada jako me veseli i ponosan sam jer pokazuje da se isplati raditi ono \u0161to voli\u0161, \u010dak i kad to drugi ne shva\u0107aju ozbiljno. Kroz kadrove filma uspio sam re\u0107i ono \u0161to rije\u010dima nisam mogao \u2013 o sebi, o drugima i o stvarima koje nas mijenjaju i ostavljaju trag\u201d, kazao je <strong>Karlo Muskardin iz Filmske skupine Srednje \u0161kole Ambroza Hara\u010di\u0107a iz Malog Lo\u0161inja<\/strong>.<\/p>\n<p><iframe title=\"11072025 Sestra Ruzica Dodig\" width=\"100%\" height=\"120\" src=\"https:\/\/www.mixcloud.com\/widget\/iframe\/?feed=https%3A%2F%2Fwww.mixcloud.com%2Fradio_jadranka%2F11072025-sestra-ruzica-dodig%2F&amp;hide_cover=1\" frameborder=\"0\" allow=\"encrypted-media; fullscreen; autoplay; idle-detection; speaker-selection; web-share;\"><\/iframe><\/p>\n<div id='gallery-1' class='gallery galleryid-13323 gallery-columns-3 gallery-size-thumbnail'><figure class='gallery-item'>\n\t\t\t<div class='gallery-icon landscape'>\n\t\t\t\t<a href='https:\/\/radiojadranka.hr\/index.php\/2025\/07\/11\/izvrsne-vijesti-iz-pule-film-bura-karla-muskardina-i-sanjina-stipica-pobjednik-u-svojoj-kategoriji-na-pulskom-filmskom-festivalu\/img-20250711-wa0017\/'><img decoding=\"async\" width=\"150\" height=\"150\" src=\"https:\/\/radiojadranka.hr\/wp-content\/uploads\/2025\/07\/IMG-20250711-WA0017-150x150.jpg\" class=\"attachment-thumbnail size-thumbnail\" alt=\"\" srcset=\"https:\/\/radiojadranka.hr\/wp-content\/uploads\/2025\/07\/IMG-20250711-WA0017-150x150.jpg 150w, https:\/\/radiojadranka.hr\/wp-content\/uploads\/2025\/07\/IMG-20250711-WA0017-100x100.jpg 100w, https:\/\/radiojadranka.hr\/wp-content\/uploads\/2025\/07\/IMG-20250711-WA0017-370x370.jpg 370w\" sizes=\"(max-width: 150px) 100vw, 150px\" \/><\/a>\n\t\t\t<\/div><\/figure><figure class='gallery-item'>\n\t\t\t<div class='gallery-icon landscape'>\n\t\t\t\t<a href='https:\/\/radiojadranka.hr\/index.php\/2025\/07\/11\/izvrsne-vijesti-iz-pule-film-bura-karla-muskardina-i-sanjina-stipica-pobjednik-u-svojoj-kategoriji-na-pulskom-filmskom-festivalu\/img-20250711-wa0019\/'><img decoding=\"async\" width=\"150\" height=\"150\" src=\"https:\/\/radiojadranka.hr\/wp-content\/uploads\/2025\/07\/IMG-20250711-WA0019-150x150.jpg\" class=\"attachment-thumbnail size-thumbnail\" alt=\"\" srcset=\"https:\/\/radiojadranka.hr\/wp-content\/uploads\/2025\/07\/IMG-20250711-WA0019-150x150.jpg 150w, https:\/\/radiojadranka.hr\/wp-content\/uploads\/2025\/07\/IMG-20250711-WA0019-100x100.jpg 100w, https:\/\/radiojadranka.hr\/wp-content\/uploads\/2025\/07\/IMG-20250711-WA0019-370x370.jpg 370w\" sizes=\"(max-width: 150px) 100vw, 150px\" \/><\/a>\n\t\t\t<\/div><\/figure><figure class='gallery-item'>\n\t\t\t<div class='gallery-icon landscape'>\n\t\t\t\t<a href='https:\/\/radiojadranka.hr\/index.php\/2025\/07\/11\/losinjani-na-72-pula-film-festivalu-s-filmom-bura\/2g7a6105\/'><img decoding=\"async\" width=\"150\" height=\"150\" src=\"https:\/\/radiojadranka.hr\/wp-content\/uploads\/2025\/07\/2G7A6105-150x150.jpg\" class=\"attachment-thumbnail size-thumbnail\" alt=\"\" srcset=\"https:\/\/radiojadranka.hr\/wp-content\/uploads\/2025\/07\/2G7A6105-150x150.jpg 150w, https:\/\/radiojadranka.hr\/wp-content\/uploads\/2025\/07\/2G7A6105-100x100.jpg 100w, https:\/\/radiojadranka.hr\/wp-content\/uploads\/2025\/07\/2G7A6105-370x370.jpg 370w\" sizes=\"(max-width: 150px) 100vw, 150px\" \/><\/a>\n\t\t\t<\/div><\/figure>\n\t\t<\/div>\n\n<p>Prenosimo priop\u0107enje u cijelosti :<\/p>\n<p><strong>U sklopu Pulskog filmskog festivala, u kinu Vall progla\u0161eni su pobjednici filmskog natje\u010daja koji u okviru Dana medijske pismenosti organiziraju Agencija za elektroni\u010dke medije, UNICEF i Hrvatski filmski savez, a ove se godine uklju\u010dio\u00a0 i Pulski filmski festival.<\/strong><\/p>\n<p><strong>U osnovno\u0161kolskoj kategoriji pobijedio je film \u201e<\/strong><a href=\"https:\/\/youtu.be\/s0OjT2Svp7Y\"><strong>\u0160umarak direkt<\/strong><\/a><strong>\u201d<\/strong>,<strong> koji su napravili Nola \u0160krbec, Simona Sermazi i Mihael \u0160o\u0161tari\u0107 iz Foto kino video kluba Zapre\u0161i\u0107, pod vodstvom mentora Jadranka Lopati\u0107a.<\/strong><\/p>\n<p>\u201eOvaj film temeljen je na mojim vlastitim iskustvima. Moj me mentor Jadranko inspirirao da napravim film nakon \u0161to sam mu ispri\u010dala \u0161to mi se sve zbilo pro\u0161lo ljeto. To je za mene bilo vrlo emotivno razdoblje, koje sam odlu\u010dila pretvoriti u animirani film s personifikacijom. Trebalo mi je nekoliko mjeseci, ali trebalo bi mi puno du\u017ee da mi nisu pomogle moje najdra\u017ee osobe \u2013 Simona i Mihael\u201d, izjavila je <strong>Nola \u0160krbec iz Foto kino video kluba Zapre\u0161i\u0107, a Simona Sermazi <\/strong>iz istog kluba dodala je<strong>:<\/strong> \u201eOva mi nagrada puno zna\u010di jer pokazuje da smo napravili ne\u0161to dobro, a to mi je veliko ohrabrenje i poticaj za daljnji rad. Drago mi je \u0161to smo dobili priliku sudjelovati u ovom filmskom natje\u010daju i veselim se takvim prilikama i u budu\u0107nosti.\u201d<\/p>\n<p>Posebna priznanja u osnovno\u0161kolskoj kategoriji dobili su filmovi <strong>\u201e<\/strong><a href=\"https:\/\/youtu.be\/2g5Jj_-tqZA\"><strong>Krug sumnje<\/strong><\/a><strong>\u201d Filmsko-medijske skupine Osnovne \u0161kole Grohote sa \u0160olte<\/strong> i <strong>\u201e<\/strong><a href=\"https:\/\/youtu.be\/XM1h50ymc6Y\"><strong>\u0160okantno otkri\u0107e<\/strong><\/a><strong>\u201d <\/strong><strong>Dru\u017eine Reporterske nju\u0161ke iz Osnovne \u0161kole Svete Ane u Osijeku<\/strong>.<\/p>\n<p><strong>U srednjo\u0161kolskoj kategoriji pobijedio je film \u201e<\/strong><a href=\"https:\/\/youtu.be\/uyDaOgMKuK0\"><strong>Bura<\/strong><\/a><strong>\u201d<\/strong>,<strong> koji su napravili Karlo Mu\u0161kardin i Sanjin Stipi\u0107 iz Filmske skupine Srednje \u0161kole Ambroza Hara\u010di\u0107a iz Malog Lo\u0161inja, pod mentorstvom Ru\u017eice Dodig.<\/strong><\/p>\n<p>\u201eOva nagrada jako me veseli i ponosan sam jer pokazuje da se isplati raditi ono \u0161to voli\u0161, \u010dak i kad to drugi ne shva\u0107aju ozbiljno. Kroz kadrove filma uspio sam re\u0107i ono \u0161to rije\u010dima nisam mogao \u2013 o sebi, o drugima i o stvarima koje nas mijenjaju i ostavljaju trag\u201d, kazao je <strong>Karlo Mu\u0161kardin iz Filmske skupine Srednje \u0161kole Ambroza Hara\u010di\u0107a iz Malog Lo\u0161inja<\/strong>.<\/p>\n<p>Posebna priznanja u srednjo\u0161kolskoj kategoriji dobili su filmovi <strong>\u201e<\/strong><a href=\"https:\/\/youtu.be\/NPN-9JwaVa8\"><strong>Nerealni prikazi ljepote i na\u010dina \u017eivota<\/strong><\/a><strong>\u201d iz \u0160kole za primijenjenu umjetnost i dizajn iz Rijeke<\/strong> i <strong>\u201e<\/strong><a href=\"https:\/\/youtu.be\/CdDh2vajWDc\"><strong>Sinteti\u010dki sram<\/strong><\/a><strong>\u201d iz Elektrostrojarske \u0161kole Vara\u017edin<\/strong>.<\/p>\n<p>Nagrade pobjednicima dodijelili su glumica <strong>Tihana Lazovi\u0107<\/strong>, ujedno \u010dlanica glavnog \u017eirija ovogodi\u0161njeg Pulskog filmskog festivala i filmski i televizijski redatelj <strong>Daniel Ku\u0161an<\/strong>. Nakon dodjele nagrada prikazani su pobjedni\u010dki filmovi i filmovi koji su dobili posebna priznanja.<\/p>\n<p>\u201eFilmsko stvarala\u0161tvo djece i mladih va\u017ean je dio razvoja medijske pismenosti jer poti\u010de kreativnost, kriti\u010dko razmi\u0161ljanje i dublje istra\u017eivanje tema kojima se mladi autori bave. Zato mi je drago vidjeti velik interes mladih za sudjelovanje u filmskom natje\u010daju u sklopu Dana medijske pismenosti i raduje nas \u0161to se u to uklju\u010dio i Pulski filmski festival, te tako dao veliko priznanje i poticaj djeci i mladima da nastave istra\u017eivati, propitivati i stvarati filmove\u201d, kazao je<strong> Robert Tomljenovi\u0107, zamjenik predsjednika Vije\u0107a za elektroni\u010dke medije, uime organizatora filmskog natje\u010daja. <\/strong><\/p>\n<p>\u201ePulski filmski festival s veseljem se uklju\u010dio u ovu sjajnu pri\u010du koja spaja filmsku umjetnost i medijsku pismenost. Nadamo se da \u0107e ovi mladi autori nastaviti razvijati svoje vje\u0161tine i strast prema filmskom stvarala\u0161tvu te da \u0107e njihov glas kroz filmove doprinijeti bogatstvu i raznolikosti na\u0161eg kulturnog prostora. Podr\u017eavaju\u0107i ih danas, gradimo<\/p>\n<p>&nbsp;<\/p>\n<p>temelje za budu\u0107e generacije kreativaca i medijski pismene gra\u0111ane\u201d, rekao je na sve\u010danoj dodjeli nagrada <strong>Danijel Pek, umjetni\u010dki ravnatelj Pulskog filmskog festivala.<\/strong><\/p>\n<p><strong>Tema sedmog filmskog natje\u010daja u sklopu Dana medijske pismenosti bila je \u201cJe li ovo stvarno?\u201d, a na natje\u010daj je prijavljeno 85 filmova.<\/strong> Uz promicanje filmskog stvarala\u0161tva i medijske pismenosti, cilj je natje\u010daja potaknuti djecu i mlade na kriti\u010dko promi\u0161ljanje o sadr\u017eajima s kojima se susre\u0107u u medijima te ih pou\u010diti kako prepoznati one za koje je va\u017eno zapitati se jesu li stvarni i kako ih provjeriti.<\/p>\n<p>__<\/p>\n<p>&nbsp;<\/p>\n<p>Dane medijske pismenosti pokrenuli su 2018. godine Agencija za elektroni\u010dke medije i Ured UNICEF-a za Hrvatsku kako bi educirali i informirali djecu, roditelje, odgojitelje i nastavnike na podru\u010dju medijske pismenosti. Dani medijske pismenosti platforma su za suradnju i razvoj projekata medijske pismenosti te podr\u0161ku edukatorima razvojem materijala za medijsko obrazovanje, a provode se pod pokroviteljstvom Ministarstva kulture i medija te Ministarstva znanosti, obrazovanja i mladih.\u00a0\u00a0Od 2018. do 2025. godine Dani medijske pismenosti uklju\u010dili su preko 174 tisu\u0107a djece, mladih i odraslih u vi\u0161e od 3200 doga\u0111anja.<\/p>\n<p>Podr\u0161ku u koordinaciji dijela doga\u0111anja u sklopu sedmih Dana medijske pismenosti osigurala je Udruga za promicanje stvarala\u0161tva i jednakih mogu\u0107nosti Alternator.<\/p>\n<p>&nbsp;<\/p>\n","protected":false},"excerpt":{"rendered":"<p>Izvrsne vijesti iz Pule! U sklopu Pulskog filmskog festivala, u kinu Vall progla\u0161eni su pobjednici filmskog natje\u010daja koji u okviru Dana medijske pismenosti organiziraju Agencija za elektroni\u010dke medije, UNICEF i Hrvatski filmski savez, a ove se godine uklju\u010dio\u00a0 i Pulski filmski festival. U srednjo\u0161kolskoj kategoriji pobijedio je film \u201eBura\u201d, koji ...<\/p>\n","protected":false},"author":2,"featured_media":13324,"comment_status":"closed","ping_status":"open","sticky":false,"template":"","format":"audio","meta":{"footnotes":""},"categories":[72],"tags":[],"class_list":["post-13323","post","type-post","status-publish","format-audio","has-post-thumbnail","hentry","category-vijesti","post_format-post-format-audio"],"aioseo_notices":[],"_links":{"self":[{"href":"https:\/\/radiojadranka.hr\/index.php\/wp-json\/wp\/v2\/posts\/13323","targetHints":{"allow":["GET"]}}],"collection":[{"href":"https:\/\/radiojadranka.hr\/index.php\/wp-json\/wp\/v2\/posts"}],"about":[{"href":"https:\/\/radiojadranka.hr\/index.php\/wp-json\/wp\/v2\/types\/post"}],"author":[{"embeddable":true,"href":"https:\/\/radiojadranka.hr\/index.php\/wp-json\/wp\/v2\/users\/2"}],"replies":[{"embeddable":true,"href":"https:\/\/radiojadranka.hr\/index.php\/wp-json\/wp\/v2\/comments?post=13323"}],"version-history":[{"count":4,"href":"https:\/\/radiojadranka.hr\/index.php\/wp-json\/wp\/v2\/posts\/13323\/revisions"}],"predecessor-version":[{"id":13329,"href":"https:\/\/radiojadranka.hr\/index.php\/wp-json\/wp\/v2\/posts\/13323\/revisions\/13329"}],"wp:featuredmedia":[{"embeddable":true,"href":"https:\/\/radiojadranka.hr\/index.php\/wp-json\/wp\/v2\/media\/13324"}],"wp:attachment":[{"href":"https:\/\/radiojadranka.hr\/index.php\/wp-json\/wp\/v2\/media?parent=13323"}],"wp:term":[{"taxonomy":"category","embeddable":true,"href":"https:\/\/radiojadranka.hr\/index.php\/wp-json\/wp\/v2\/categories?post=13323"},{"taxonomy":"post_tag","embeddable":true,"href":"https:\/\/radiojadranka.hr\/index.php\/wp-json\/wp\/v2\/tags?post=13323"}],"curies":[{"name":"wp","href":"https:\/\/api.w.org\/{rel}","templated":true}]}}