{"id":13306,"date":"2025-07-11T09:36:14","date_gmt":"2025-07-11T07:36:14","guid":{"rendered":"https:\/\/radiojadranka.hr\/?p=13306"},"modified":"2025-07-11T09:36:14","modified_gmt":"2025-07-11T07:36:14","slug":"losinjani-na-72-pula-film-festivalu-s-filmom-bura","status":"publish","type":"post","link":"https:\/\/radiojadranka.hr\/index.php\/2025\/07\/11\/losinjani-na-72-pula-film-festivalu-s-filmom-bura\/","title":{"rendered":"Lo\u0161injani na 72. Pula film festivalu s filmom Bura!"},"content":{"rendered":"<p>U krcatoj Areni sino\u0107 je otvoreno je 72. izdanje Pulskog filmskog festivala. Uz brojne gra\u0111ane i filma\u0161e na sve\u010danom otvorenju bio je predsjednik Republike Hrvatske Zoran Milanovi\u0107 sa suprugom Sanjom Musi\u0107 Milanovi\u0107, izaslanik predsjednika Vlade RH i ministrice kulture i medija, dr\u017eavni tajnik Kre\u0161imir Partl, gradona\u010delnik Pule Pe\u0111a Grbin, istarski \u017eupan Boris Mileti\u0107, predsjednik SDP-a Sini\u0161a Hajda\u0161 Don\u010di\u0107 te brojni uzvanici iz kulturnog, dru\u0161tvenog i politi\u010dkog \u017eivota.<\/p>\n<p>Na pozornici Arene hrvatsku himnu izveo je Damir Urban uz pratnju Luke Tomana na gitari, a brojni gosti iz publike pridru\u017eili su im se pjevaju\u0107i s njima himnu Istarske \u017eupanije \u201cKrasna zemljo, Istro mila\u201d. \u010clanovi Saveza udruga antifa\u0161ista Istre podigli su zastave Hrvatske i Istarske \u017eupanije.<\/p>\n<p>U izvedbi pulskog zbora Praksa i uz pratnju bubnjara uslijedila je pjesma \u201cBella ciao\u201d okon\u010dana parolom \u201cSmrt fa\u0161izmu, sloboda narodu\u201d i nagra\u0111ena dugim pljeskom publike.<\/p>\n<p>Ravnateljica Javne ustanove Pula Film Festival Tanja Mili\u010di\u0107 obratila se prisutnima uz filmsku kabinu prisjetiv\u0161i se njene duge povijesti te istaknuv\u0161i kako je nakon 50-ak godina ovo zadnje ljeto u kojem se iz nje pu\u0161taju filmovi.<\/p>\n<p>Na ovaj festival plasirao se i film na\u0161ih srednjo\u0161kolaca \u201eBura\u201c.<\/p>\n<p><strong>&#8220;Bura&#8221; je autorski kratki poetsko-eksperimentalni film o anksioznosti, iskrivljenoj percepciji i potrazi za izlazom iz unutarnjeg kaosa. Brzi, isprekidani kadrovi prate djevojku koja ne mo\u017ee prona\u0107i upori\u0161te u stvarnosti. Soba se zatvara, svjetlost dolazi samo s ekrana, ali njezin pogled prodire dublje \u2013 u pukotine koje svakodnevica skriva. Zavoji je ste\u017eu, tijelo miruje, a svijest puca. Anksioznost se ne vidi, ali se osje\u0107a \u2013 u ritmu, disanju, napetosti kadrova. Film progovara \u0161apatom o nemiru iznutra \u2013 i o ti\u0161ini kao mogu\u0107em po\u010detku osloba\u0111anja. Na obali, u plavetnilu, tijelo postaje more. Ti\u0161ina. Mir. Za film su zaslu\u017eni Karlo Muskardin i Sanjin Stipi\u0107\u00a0 uz mentoricu\u00a0 \u010dasnu sestru Ru\u017eicu Dodig.<\/strong><\/p>\n<p><strong>U 12,30 odr\u017eat \u0107e se progla\u0161enje pobjednika u ovoj kategoriji! Dr\u017eimo pal\u010deve na\u0161oj \u0161koli!<\/strong><\/p>\n<div id='gallery-1' class='gallery galleryid-13306 gallery-columns-3 gallery-size-thumbnail'><figure class='gallery-item'>\n\t\t\t<div class='gallery-icon landscape'>\n\t\t\t\t<a href='https:\/\/radiojadranka.hr\/index.php\/2025\/07\/11\/losinjani-na-72-pula-film-festivalu-s-filmom-bura\/2g7a6105\/'><img decoding=\"async\" width=\"150\" height=\"150\" src=\"https:\/\/radiojadranka.hr\/wp-content\/uploads\/2025\/07\/2G7A6105-150x150.jpg\" class=\"attachment-thumbnail size-thumbnail\" alt=\"\" srcset=\"https:\/\/radiojadranka.hr\/wp-content\/uploads\/2025\/07\/2G7A6105-150x150.jpg 150w, https:\/\/radiojadranka.hr\/wp-content\/uploads\/2025\/07\/2G7A6105-100x100.jpg 100w, https:\/\/radiojadranka.hr\/wp-content\/uploads\/2025\/07\/2G7A6105-370x370.jpg 370w\" sizes=\"(max-width: 150px) 100vw, 150px\" \/><\/a>\n\t\t\t<\/div><\/figure><figure class='gallery-item'>\n\t\t\t<div class='gallery-icon landscape'>\n\t\t\t\t<a href='https:\/\/radiojadranka.hr\/index.php\/2025\/07\/11\/losinjani-na-72-pula-film-festivalu-s-filmom-bura\/2g7a6098\/'><img decoding=\"async\" width=\"150\" height=\"150\" src=\"https:\/\/radiojadranka.hr\/wp-content\/uploads\/2025\/07\/2G7A6098-150x150.jpg\" class=\"attachment-thumbnail size-thumbnail\" alt=\"\" srcset=\"https:\/\/radiojadranka.hr\/wp-content\/uploads\/2025\/07\/2G7A6098-150x150.jpg 150w, https:\/\/radiojadranka.hr\/wp-content\/uploads\/2025\/07\/2G7A6098-100x100.jpg 100w, https:\/\/radiojadranka.hr\/wp-content\/uploads\/2025\/07\/2G7A6098-370x370.jpg 370w\" sizes=\"(max-width: 150px) 100vw, 150px\" \/><\/a>\n\t\t\t<\/div><\/figure><figure class='gallery-item'>\n\t\t\t<div class='gallery-icon landscape'>\n\t\t\t\t<a href='https:\/\/radiojadranka.hr\/index.php\/2025\/07\/11\/losinjani-na-72-pula-film-festivalu-s-filmom-bura\/2g7a6113\/'><img decoding=\"async\" width=\"150\" height=\"150\" src=\"https:\/\/radiojadranka.hr\/wp-content\/uploads\/2025\/07\/2G7A6113-150x150.jpg\" class=\"attachment-thumbnail size-thumbnail\" alt=\"\" srcset=\"https:\/\/radiojadranka.hr\/wp-content\/uploads\/2025\/07\/2G7A6113-150x150.jpg 150w, https:\/\/radiojadranka.hr\/wp-content\/uploads\/2025\/07\/2G7A6113-100x100.jpg 100w, https:\/\/radiojadranka.hr\/wp-content\/uploads\/2025\/07\/2G7A6113-370x370.jpg 370w\" sizes=\"(max-width: 150px) 100vw, 150px\" \/><\/a>\n\t\t\t<\/div><\/figure><figure class='gallery-item'>\n\t\t\t<div class='gallery-icon landscape'>\n\t\t\t\t<a href='https:\/\/radiojadranka.hr\/index.php\/2025\/07\/11\/losinjani-na-72-pula-film-festivalu-s-filmom-bura\/2g7a6125\/'><img loading=\"lazy\" decoding=\"async\" width=\"150\" height=\"150\" src=\"https:\/\/radiojadranka.hr\/wp-content\/uploads\/2025\/07\/2G7A6125-150x150.jpg\" class=\"attachment-thumbnail size-thumbnail\" alt=\"\" srcset=\"https:\/\/radiojadranka.hr\/wp-content\/uploads\/2025\/07\/2G7A6125-150x150.jpg 150w, https:\/\/radiojadranka.hr\/wp-content\/uploads\/2025\/07\/2G7A6125-100x100.jpg 100w, https:\/\/radiojadranka.hr\/wp-content\/uploads\/2025\/07\/2G7A6125-370x370.jpg 370w\" sizes=\"(max-width: 150px) 100vw, 150px\" \/><\/a>\n\t\t\t<\/div><\/figure>\n\t\t<\/div>\n\n","protected":false},"excerpt":{"rendered":"<p>U krcatoj Areni sino\u0107 je otvoreno je 72. izdanje Pulskog filmskog festivala. Uz brojne gra\u0111ane i filma\u0161e na sve\u010danom otvorenju bio je predsjednik Republike Hrvatske Zoran Milanovi\u0107 sa suprugom Sanjom Musi\u0107 Milanovi\u0107, izaslanik predsjednika Vlade RH i ministrice kulture i medija, dr\u017eavni tajnik Kre\u0161imir Partl, gradona\u010delnik Pule Pe\u0111a Grbin, istarski ...<\/p>\n","protected":false},"author":2,"featured_media":13309,"comment_status":"closed","ping_status":"open","sticky":false,"template":"","format":"audio","meta":{"footnotes":""},"categories":[72],"tags":[],"class_list":["post-13306","post","type-post","status-publish","format-audio","has-post-thumbnail","hentry","category-vijesti","post_format-post-format-audio"],"aioseo_notices":[],"_links":{"self":[{"href":"https:\/\/radiojadranka.hr\/index.php\/wp-json\/wp\/v2\/posts\/13306","targetHints":{"allow":["GET"]}}],"collection":[{"href":"https:\/\/radiojadranka.hr\/index.php\/wp-json\/wp\/v2\/posts"}],"about":[{"href":"https:\/\/radiojadranka.hr\/index.php\/wp-json\/wp\/v2\/types\/post"}],"author":[{"embeddable":true,"href":"https:\/\/radiojadranka.hr\/index.php\/wp-json\/wp\/v2\/users\/2"}],"replies":[{"embeddable":true,"href":"https:\/\/radiojadranka.hr\/index.php\/wp-json\/wp\/v2\/comments?post=13306"}],"version-history":[{"count":1,"href":"https:\/\/radiojadranka.hr\/index.php\/wp-json\/wp\/v2\/posts\/13306\/revisions"}],"predecessor-version":[{"id":13311,"href":"https:\/\/radiojadranka.hr\/index.php\/wp-json\/wp\/v2\/posts\/13306\/revisions\/13311"}],"wp:featuredmedia":[{"embeddable":true,"href":"https:\/\/radiojadranka.hr\/index.php\/wp-json\/wp\/v2\/media\/13309"}],"wp:attachment":[{"href":"https:\/\/radiojadranka.hr\/index.php\/wp-json\/wp\/v2\/media?parent=13306"}],"wp:term":[{"taxonomy":"category","embeddable":true,"href":"https:\/\/radiojadranka.hr\/index.php\/wp-json\/wp\/v2\/categories?post=13306"},{"taxonomy":"post_tag","embeddable":true,"href":"https:\/\/radiojadranka.hr\/index.php\/wp-json\/wp\/v2\/tags?post=13306"}],"curies":[{"name":"wp","href":"https:\/\/api.w.org\/{rel}","templated":true}]}}