{"id":13298,"date":"2025-07-10T13:40:52","date_gmt":"2025-07-10T11:40:52","guid":{"rendered":"https:\/\/radiojadranka.hr\/?p=13298"},"modified":"2025-07-10T13:44:19","modified_gmt":"2025-07-10T11:44:19","slug":"jerko-kuseta-o-pripajanjeu-vodovoda-krckoj-tvrtki-ponikve","status":"publish","type":"post","link":"https:\/\/radiojadranka.hr\/index.php\/2025\/07\/10\/jerko-kuseta-o-pripajanjeu-vodovoda-krckoj-tvrtki-ponikve\/","title":{"rendered":"Jerko Ku\u0161eta o pripajanjeu vodovoda kr\u010dkoj tvrtki Ponikve"},"content":{"rendered":"<p data-start=\"159\" data-end=\"399\">Nakon \u0161to je ju\u010der Gradsko vije\u0107e Malog Lo\u0161inja donijelo odluku o pripajanju trgova\u010dkog dru\u0161tva <em data-start=\"255\" data-end=\"293\">\u201cVodoopskrba i odvodnja Cres-Lo\u0161inj\u201d<\/em> trgova\u010dkom dru\u0161tvu <em data-start=\"313\" data-end=\"329\">\u201cPonikve voda\u201d<\/em> iz Krka, danas je istu odluku donijelo i Gradsko vije\u0107e Grada Cresa.<\/p>\n<p data-start=\"401\" data-end=\"619\">Za ovu odluku glasali su creski vije\u0107nici u poziciji, dok su oporbeni vije\u0107nici bili suzdr\u017eani.<\/p>\n<p data-start=\"401\" data-end=\"619\">O ovom va\u017enom pitanju u programu na\u0161eg radija razgovarali smo s Jerkom Ku\u0161etom, vije\u0107nikom Malog Lo\u0161inja, koji je podijelio svoja razmi\u0161ljanja i stavove.<\/p>\n<p data-start=\"621\" data-end=\"659\">Poslu\u0161ajte cijeli razgovor u nastavku.<\/p>\n<p><iframe title=\"100725 Jerko Ku\u0161eta\" width=\"100%\" height=\"120\" src=\"https:\/\/www.mixcloud.com\/widget\/iframe\/?feed=https%3A%2F%2Fwww.mixcloud.com%2Fradio_jadranka%2F100725-jerko-ku%25C5%25A1eta%2F&amp;hide_cover=1\" frameborder=\"0\" allow=\"encrypted-media; fullscreen; autoplay; idle-detection; speaker-selection; web-share;\"><\/iframe><\/p>\n<figure id=\"attachment_13300\" aria-describedby=\"caption-attachment-13300\" style=\"width: 344px\" class=\"wp-caption alignnone\"><img fetchpriority=\"high\" decoding=\"async\" class=\"size-medium wp-image-13300\" src=\"https:\/\/radiojadranka.hr\/wp-content\/uploads\/2025\/07\/IMG20250710130439-344x770.jpg\" alt=\"\" width=\"344\" height=\"770\" srcset=\"https:\/\/radiojadranka.hr\/wp-content\/uploads\/2025\/07\/IMG20250710130439-344x770.jpg 344w, https:\/\/radiojadranka.hr\/wp-content\/uploads\/2025\/07\/IMG20250710130439-523x1170.jpg 523w, https:\/\/radiojadranka.hr\/wp-content\/uploads\/2025\/07\/IMG20250710130439-768x1717.jpg 768w, https:\/\/radiojadranka.hr\/wp-content\/uploads\/2025\/07\/IMG20250710130439-687x1536.jpg 687w, https:\/\/radiojadranka.hr\/wp-content\/uploads\/2025\/07\/IMG20250710130439-916x2048.jpg 916w, https:\/\/radiojadranka.hr\/wp-content\/uploads\/2025\/07\/IMG20250710130439-scaled.jpg 1145w\" sizes=\"(max-width: 344px) 100vw, 344px\" \/><figcaption id=\"caption-attachment-13300\" class=\"wp-caption-text\">oplus_2097184<\/figcaption><\/figure>\n","protected":false},"excerpt":{"rendered":"<p>Nakon \u0161to je ju\u010der Gradsko vije\u0107e Malog Lo\u0161inja donijelo odluku o pripajanju trgova\u010dkog dru\u0161tva \u201cVodoopskrba i odvodnja Cres-Lo\u0161inj\u201d trgova\u010dkom dru\u0161tvu \u201cPonikve voda\u201d iz Krka, danas je istu odluku donijelo i Gradsko vije\u0107e Grada Cresa. Za ovu odluku glasali su creski vije\u0107nici u poziciji, dok su oporbeni vije\u0107nici bili suzdr\u017eani. O ...<\/p>\n","protected":false},"author":2,"featured_media":13299,"comment_status":"closed","ping_status":"open","sticky":false,"template":"","format":"audio","meta":{"footnotes":""},"categories":[72],"tags":[],"class_list":["post-13298","post","type-post","status-publish","format-audio","has-post-thumbnail","hentry","category-vijesti","post_format-post-format-audio"],"aioseo_notices":[],"_links":{"self":[{"href":"https:\/\/radiojadranka.hr\/index.php\/wp-json\/wp\/v2\/posts\/13298","targetHints":{"allow":["GET"]}}],"collection":[{"href":"https:\/\/radiojadranka.hr\/index.php\/wp-json\/wp\/v2\/posts"}],"about":[{"href":"https:\/\/radiojadranka.hr\/index.php\/wp-json\/wp\/v2\/types\/post"}],"author":[{"embeddable":true,"href":"https:\/\/radiojadranka.hr\/index.php\/wp-json\/wp\/v2\/users\/2"}],"replies":[{"embeddable":true,"href":"https:\/\/radiojadranka.hr\/index.php\/wp-json\/wp\/v2\/comments?post=13298"}],"version-history":[{"count":3,"href":"https:\/\/radiojadranka.hr\/index.php\/wp-json\/wp\/v2\/posts\/13298\/revisions"}],"predecessor-version":[{"id":13303,"href":"https:\/\/radiojadranka.hr\/index.php\/wp-json\/wp\/v2\/posts\/13298\/revisions\/13303"}],"wp:featuredmedia":[{"embeddable":true,"href":"https:\/\/radiojadranka.hr\/index.php\/wp-json\/wp\/v2\/media\/13299"}],"wp:attachment":[{"href":"https:\/\/radiojadranka.hr\/index.php\/wp-json\/wp\/v2\/media?parent=13298"}],"wp:term":[{"taxonomy":"category","embeddable":true,"href":"https:\/\/radiojadranka.hr\/index.php\/wp-json\/wp\/v2\/categories?post=13298"},{"taxonomy":"post_tag","embeddable":true,"href":"https:\/\/radiojadranka.hr\/index.php\/wp-json\/wp\/v2\/tags?post=13298"}],"curies":[{"name":"wp","href":"https:\/\/api.w.org\/{rel}","templated":true}]}}