{"id":13294,"date":"2025-07-10T13:20:42","date_gmt":"2025-07-10T11:20:42","guid":{"rendered":"https:\/\/radiojadranka.hr\/?p=13294"},"modified":"2025-07-10T13:20:42","modified_gmt":"2025-07-10T11:20:42","slug":"pod-utjecajem-droga-a-i-bez-vazece-vozacke-i-prometne-dozvole-zateceni-u-prometu","status":"publish","type":"post","link":"https:\/\/radiojadranka.hr\/index.php\/2025\/07\/10\/pod-utjecajem-droga-a-i-bez-vazece-vozacke-i-prometne-dozvole-zateceni-u-prometu\/","title":{"rendered":"Pod utjecajem droga, a i bez va\u017ee\u0107e voza\u010dke i prometne dozvole zate\u010deni u prometu"},"content":{"rendered":"<p>Prenosimo priop\u0107enje Policijske uprave Primorsko- goranske: &#8220;Ju\u010der je u sredi\u0161tu Malog Lo\u0161inja ,oko 15.15 sati, policija zaustavila osobno vozilo, rije\u010dkih registracijskih oznaka, kojim je upravljao 40-godi\u0161nji hrvatski dr\u017eavljanin.<br \/>\nNadzorom je utvr\u0111eno kako voza\u010d automobilom upravlja za vrijeme dok mu je voza\u010dka dozvola oduzeta jer se nije javio na izvanredni lije\u010dni\u010dki pregled, a odbio je i preliminarni test na droge. Uhi\u0107en je i priveden u slu\u017ebene prostorije policije te sankcioniran u \u017eurnom prekr\u0161ajnom postupku.<\/p>\n<p>Sukladno va\u017ee\u0107im zakonskim propisima protiv njega je podnesen optu\u017eni prijedlog u kojem je nadle\u017enom sudu za po\u010dinitelja\u00a0<strong>predlo\u017eena nov\u010dana kazna od 3500 eura i izricanje za\u0161titne mjere zabrane upravljanja vozilima \u201eB\u201c kategorije na 12 mjeseci kad se stvore uvjeti.<\/strong><\/p>\n<p>Danas je\u00a040-godi\u0161njak i doveden u Op\u0107inski sud u Rijeci gdje je ispitan, a nadle\u017eni prekr\u0161ajni sudac \u0107e naknadno donijeti pravomo\u0107nu odluku.<\/p>\n<p>Osim navedenog prekr\u0161itelja, policija je i no\u0107as poslije pola no\u0107i na predjelu Bukovica u Malom Lo\u0161inju zatekla 22-godi\u0161njeg hrvatskog dr\u017eavljanina koji je upravljao osobnim vozilom, vinkova\u010dkih registracijskih oznaka, a kojemu je preliminarnim testiranjem utvr\u0111ena prisutnost droga u organizmu. Tako\u0111er je isklju\u010den iz prometa i sankcioniran prema odredbama Zakona o sigurnosti prometa na cestama.<\/p>\n<p><strong>Prekr\u0161ajnim nalogom mu je odre\u0111ena nov\u010dana kazna od 1320 eura i zabrana upravljanja vozilima \u201eB\u201c kategorije na tri mjeseca.<\/strong><\/p>\n<p>foto: PU PGZ<\/p>\n","protected":false},"excerpt":{"rendered":"<p>Prenosimo priop\u0107enje Policijske uprave Primorsko- goranske: &#8220;Ju\u010der je u sredi\u0161tu Malog Lo\u0161inja ,oko 15.15 sati, policija zaustavila osobno vozilo, rije\u010dkih registracijskih oznaka, kojim je upravljao 40-godi\u0161nji hrvatski dr\u017eavljanin. Nadzorom je utvr\u0111eno kako voza\u010d automobilom upravlja za vrijeme dok mu je voza\u010dka dozvola oduzeta jer se nije javio na izvanredni lije\u010dni\u010dki ...<\/p>\n","protected":false},"author":2,"featured_media":13295,"comment_status":"closed","ping_status":"open","sticky":false,"template":"","format":"audio","meta":{"footnotes":""},"categories":[72],"tags":[],"class_list":["post-13294","post","type-post","status-publish","format-audio","has-post-thumbnail","hentry","category-vijesti","post_format-post-format-audio"],"aioseo_notices":[],"_links":{"self":[{"href":"https:\/\/radiojadranka.hr\/index.php\/wp-json\/wp\/v2\/posts\/13294","targetHints":{"allow":["GET"]}}],"collection":[{"href":"https:\/\/radiojadranka.hr\/index.php\/wp-json\/wp\/v2\/posts"}],"about":[{"href":"https:\/\/radiojadranka.hr\/index.php\/wp-json\/wp\/v2\/types\/post"}],"author":[{"embeddable":true,"href":"https:\/\/radiojadranka.hr\/index.php\/wp-json\/wp\/v2\/users\/2"}],"replies":[{"embeddable":true,"href":"https:\/\/radiojadranka.hr\/index.php\/wp-json\/wp\/v2\/comments?post=13294"}],"version-history":[{"count":1,"href":"https:\/\/radiojadranka.hr\/index.php\/wp-json\/wp\/v2\/posts\/13294\/revisions"}],"predecessor-version":[{"id":13296,"href":"https:\/\/radiojadranka.hr\/index.php\/wp-json\/wp\/v2\/posts\/13294\/revisions\/13296"}],"wp:featuredmedia":[{"embeddable":true,"href":"https:\/\/radiojadranka.hr\/index.php\/wp-json\/wp\/v2\/media\/13295"}],"wp:attachment":[{"href":"https:\/\/radiojadranka.hr\/index.php\/wp-json\/wp\/v2\/media?parent=13294"}],"wp:term":[{"taxonomy":"category","embeddable":true,"href":"https:\/\/radiojadranka.hr\/index.php\/wp-json\/wp\/v2\/categories?post=13294"},{"taxonomy":"post_tag","embeddable":true,"href":"https:\/\/radiojadranka.hr\/index.php\/wp-json\/wp\/v2\/tags?post=13294"}],"curies":[{"name":"wp","href":"https:\/\/api.w.org\/{rel}","templated":true}]}}