{"id":13286,"date":"2025-07-09T15:08:21","date_gmt":"2025-07-09T13:08:21","guid":{"rendered":"https:\/\/radiojadranka.hr\/?p=13286"},"modified":"2025-07-09T15:08:21","modified_gmt":"2025-07-09T13:08:21","slug":"novi-video-sustav-u-kampu-cikat","status":"publish","type":"post","link":"https:\/\/radiojadranka.hr\/index.php\/2025\/07\/09\/novi-video-sustav-u-kampu-cikat\/","title":{"rendered":"Novi video sustav u kampu \u010cikat!"},"content":{"rendered":"<p>Danas u 12 sati u kampu \u010cikat odr\u017eala se izvanredna konferencija za medije na kojoj su predstavnici Turisti\u010dke zajednice Kvarnera i Policijske uprave primorsko-goranske, u suradnji s djelatnicima tvrtke Jadranka d.d., predstaviti novi video sustav u kampu \u010cikat kao ogledni primjer jedne od tehni\u010dkih mjera sigurnosti u kampovima.<\/p>\n<p>Na Konferenciji sudjeluju Irena Per\u0161i\u0107 \u017divadinov, direktorica Turisti\u010dke zajednice Kvarnera, na\u010delnik Policijske uprave\u00a0primorsko-goranske Hari Brnad,\u00a0direktor kampa \u010cikat, Zlatko Vukajlovi\u0107, iz\u00a0tvrtke Jadranka.d.d., te predstavnici Grada Malog Lo\u0161inja i ostali djelatnici Turisti\u010dke zajednice i PU primorsko-goranske.<\/p>\n<p>Predstavljanje video sustava je nastavak suradnje, a ujedno sinergije institucija i javnog sektora, kako bi se na tragu zaklju\u010daka konferencije \u201eSigurnost u turisti\u010dkim destinacijama \u2013 sigurnost u kampovima i na pla\u017eama\u201c, odr\u017eane u travnju u Rijeci, postigli jo\u0161 bolji rezultati za ostvarenje sigurnosti u turizmu.<\/p>\n<p>Konferenciju za medije prenosimo u cijelosti:<\/p>\n<p><iframe title=\"070925 Konferencija Za Medije\" width=\"100%\" height=\"120\" src=\"https:\/\/www.mixcloud.com\/widget\/iframe\/?feed=https%3A%2F%2Fwww.mixcloud.com%2Fradio_jadranka%2F070925-konferencija-za-medije%2F&amp;hide_cover=1\" frameborder=\"0\" allow=\"encrypted-media; fullscreen; autoplay; idle-detection; speaker-selection; web-share;\"><\/iframe><\/p>\n<p>&nbsp;<\/p>\n<p><iframe title=\"Novi video sustav u kampu \u010cikat!\" width=\"1170\" height=\"658\" src=\"https:\/\/www.youtube.com\/embed\/Sum_mdach8Q?feature=oembed\" frameborder=\"0\" allow=\"accelerometer; autoplay; clipboard-write; encrypted-media; gyroscope; picture-in-picture; web-share\" referrerpolicy=\"strict-origin-when-cross-origin\" allowfullscreen><\/iframe><\/p>\n<p>&nbsp;<\/p>\n<p><img fetchpriority=\"high\" decoding=\"async\" class=\"size-medium wp-image-13289\" src=\"https:\/\/radiojadranka.hr\/wp-content\/uploads\/2025\/07\/3-770x344.jpg\" alt=\"\" width=\"770\" height=\"344\" srcset=\"https:\/\/radiojadranka.hr\/wp-content\/uploads\/2025\/07\/3-770x344.jpg 770w, https:\/\/radiojadranka.hr\/wp-content\/uploads\/2025\/07\/3-1170x522.jpg 1170w, https:\/\/radiojadranka.hr\/wp-content\/uploads\/2025\/07\/3-768x343.jpg 768w, https:\/\/radiojadranka.hr\/wp-content\/uploads\/2025\/07\/3-1536x685.jpg 1536w, https:\/\/radiojadranka.hr\/wp-content\/uploads\/2025\/07\/3.jpg 1600w\" sizes=\"(max-width: 770px) 100vw, 770px\" \/><\/p>\n<p>&nbsp;<\/p>\n<p><img decoding=\"async\" class=\"size-medium wp-image-13290\" src=\"https:\/\/radiojadranka.hr\/wp-content\/uploads\/2025\/07\/IMG20250709123137-770x344.jpg\" alt=\"\" width=\"770\" height=\"344\" srcset=\"https:\/\/radiojadranka.hr\/wp-content\/uploads\/2025\/07\/IMG20250709123137-770x344.jpg 770w, https:\/\/radiojadranka.hr\/wp-content\/uploads\/2025\/07\/IMG20250709123137-1170x523.jpg 1170w, https:\/\/radiojadranka.hr\/wp-content\/uploads\/2025\/07\/IMG20250709123137-768x344.jpg 768w, https:\/\/radiojadranka.hr\/wp-content\/uploads\/2025\/07\/IMG20250709123137-1536x687.jpg 1536w, https:\/\/radiojadranka.hr\/wp-content\/uploads\/2025\/07\/IMG20250709123137-2048x916.jpg 2048w\" sizes=\"(max-width: 770px) 100vw, 770px\" \/><\/p>\n<p><img decoding=\"async\" class=\"alignnone size-medium wp-image-13291\" src=\"https:\/\/radiojadranka.hr\/wp-content\/uploads\/2025\/07\/video1-770x433.jpg\" alt=\"\" width=\"770\" height=\"433\" srcset=\"https:\/\/radiojadranka.hr\/wp-content\/uploads\/2025\/07\/video1-770x433.jpg 770w, https:\/\/radiojadranka.hr\/wp-content\/uploads\/2025\/07\/video1-1170x658.jpg 1170w, https:\/\/radiojadranka.hr\/wp-content\/uploads\/2025\/07\/video1-768x432.jpg 768w, https:\/\/radiojadranka.hr\/wp-content\/uploads\/2025\/07\/video1.jpg 1314w\" sizes=\"(max-width: 770px) 100vw, 770px\" \/><\/p>\n","protected":false},"excerpt":{"rendered":"<p>Danas u 12 sati u kampu \u010cikat odr\u017eala se izvanredna konferencija za medije na kojoj su predstavnici Turisti\u010dke zajednice Kvarnera i Policijske uprave primorsko-goranske, u suradnji s djelatnicima tvrtke Jadranka d.d., predstaviti novi video sustav u kampu \u010cikat kao ogledni primjer jedne od tehni\u010dkih mjera sigurnosti u kampovima. Na Konferenciji ...<\/p>\n","protected":false},"author":4,"featured_media":13292,"comment_status":"closed","ping_status":"open","sticky":false,"template":"","format":"audio","meta":{"footnotes":""},"categories":[72],"tags":[116,138,119,117],"class_list":["post-13286","post","type-post","status-publish","format-audio","has-post-thumbnail","hentry","category-vijesti","tag-otok-vitalnosti","tag-radio","tag-radiojadranka","tag-visitlosinj","post_format-post-format-audio"],"aioseo_notices":[],"_links":{"self":[{"href":"https:\/\/radiojadranka.hr\/index.php\/wp-json\/wp\/v2\/posts\/13286","targetHints":{"allow":["GET"]}}],"collection":[{"href":"https:\/\/radiojadranka.hr\/index.php\/wp-json\/wp\/v2\/posts"}],"about":[{"href":"https:\/\/radiojadranka.hr\/index.php\/wp-json\/wp\/v2\/types\/post"}],"author":[{"embeddable":true,"href":"https:\/\/radiojadranka.hr\/index.php\/wp-json\/wp\/v2\/users\/4"}],"replies":[{"embeddable":true,"href":"https:\/\/radiojadranka.hr\/index.php\/wp-json\/wp\/v2\/comments?post=13286"}],"version-history":[{"count":1,"href":"https:\/\/radiojadranka.hr\/index.php\/wp-json\/wp\/v2\/posts\/13286\/revisions"}],"predecessor-version":[{"id":13293,"href":"https:\/\/radiojadranka.hr\/index.php\/wp-json\/wp\/v2\/posts\/13286\/revisions\/13293"}],"wp:featuredmedia":[{"embeddable":true,"href":"https:\/\/radiojadranka.hr\/index.php\/wp-json\/wp\/v2\/media\/13292"}],"wp:attachment":[{"href":"https:\/\/radiojadranka.hr\/index.php\/wp-json\/wp\/v2\/media?parent=13286"}],"wp:term":[{"taxonomy":"category","embeddable":true,"href":"https:\/\/radiojadranka.hr\/index.php\/wp-json\/wp\/v2\/categories?post=13286"},{"taxonomy":"post_tag","embeddable":true,"href":"https:\/\/radiojadranka.hr\/index.php\/wp-json\/wp\/v2\/tags?post=13286"}],"curies":[{"name":"wp","href":"https:\/\/api.w.org\/{rel}","templated":true}]}}