{"id":13261,"date":"2025-07-04T11:25:26","date_gmt":"2025-07-04T09:25:26","guid":{"rendered":"https:\/\/radiojadranka.hr\/?p=13261"},"modified":"2025-07-04T11:25:59","modified_gmt":"2025-07-04T09:25:59","slug":"cantus-angelus","status":"publish","type":"post","link":"https:\/\/radiojadranka.hr\/index.php\/2025\/07\/04\/cantus-angelus\/","title":{"rendered":"Cantus angelus"},"content":{"rendered":"<p>\u017denski vokalni ansambl iz Rijeke Lilia Rijeka uz njihovog umjetni\u010dkog voditelja i dirigenta fra Maria Zraki\u0107a, izvest \u0107e koncert klasi\u010dne, duhovne glazbe za turiste.<\/p>\n<p>U repertoaru su im Gregorijanski korali u \u010dast an\u0111elima, a namijenjen je osobama svih uzrasta, napose vjernicima i svima koji vole tu vrstu glazbe. Ona pru\u017ea duhovnu okrepu publici koja \u0107e u\u017eivati u srednjovjekovnim melodijama u izvedbi \u017eenskih glasova.<\/p>\n<p>Po\u010detak je u nedjelju, 6. srpnja, u 20 sati i 30 minuta u Duhovnom centru za turiste u Velom Lo\u0161inju, odnosno u Ku\u0107i Betanija na adresi Kaciol 38., a ulaz je slobodan.<\/p>\n<p>Vi\u0161e o tom koncertu danas su nam rekli fra Mario Zrakic i \u010casna sestra Hijacinta Hoblaj.<\/p>\n<p><iframe title=\"040725 Blitz\" width=\"100%\" height=\"120\" src=\"https:\/\/www.mixcloud.com\/widget\/iframe\/?feed=https%3A%2F%2Fwww.mixcloud.com%2Fradio_jadranka%2F040725-blitz%2F&amp;hide_cover=1\" frameborder=\"0\" allow=\"encrypted-media; fullscreen; autoplay; idle-detection; speaker-selection; web-share;\"><\/iframe><\/p>\n<p><img fetchpriority=\"high\" decoding=\"async\" class=\"size-medium wp-image-13263\" src=\"https:\/\/radiojadranka.hr\/wp-content\/uploads\/2025\/07\/casna-1-580x770.jpg\" alt=\"\" width=\"580\" height=\"770\" srcset=\"https:\/\/radiojadranka.hr\/wp-content\/uploads\/2025\/07\/casna-1-580x770.jpg 580w, https:\/\/radiojadranka.hr\/wp-content\/uploads\/2025\/07\/casna-1-881x1170.jpg 881w, https:\/\/radiojadranka.hr\/wp-content\/uploads\/2025\/07\/casna-1-768x1020.jpg 768w, https:\/\/radiojadranka.hr\/wp-content\/uploads\/2025\/07\/casna-1-1157x1536.jpg 1157w, https:\/\/radiojadranka.hr\/wp-content\/uploads\/2025\/07\/casna-1-1542x2048.jpg 1542w, https:\/\/radiojadranka.hr\/wp-content\/uploads\/2025\/07\/casna-1-scaled.jpg 1928w\" sizes=\"(max-width: 580px) 100vw, 580px\" \/><\/p>\n<p>&nbsp;<\/p>\n<p><img decoding=\"async\" class=\"alignnone size-medium wp-image-13262\" src=\"https:\/\/radiojadranka.hr\/wp-content\/uploads\/2025\/07\/cantus-angelicus-638839551313694186_920_517-770x433.jpeg\" alt=\"\" width=\"770\" height=\"433\" srcset=\"https:\/\/radiojadranka.hr\/wp-content\/uploads\/2025\/07\/cantus-angelicus-638839551313694186_920_517-770x433.jpeg 770w, https:\/\/radiojadranka.hr\/wp-content\/uploads\/2025\/07\/cantus-angelicus-638839551313694186_920_517-768x432.jpeg 768w, https:\/\/radiojadranka.hr\/wp-content\/uploads\/2025\/07\/cantus-angelicus-638839551313694186_920_517.jpeg 920w\" sizes=\"(max-width: 770px) 100vw, 770px\" \/><\/p>\n","protected":false},"excerpt":{"rendered":"<p>\u017denski vokalni ansambl iz Rijeke Lilia Rijeka uz njihovog umjetni\u010dkog voditelja i dirigenta fra Maria Zraki\u0107a, izvest \u0107e koncert klasi\u010dne, duhovne glazbe za turiste. U repertoaru su im Gregorijanski korali u \u010dast an\u0111elima, a namijenjen je osobama svih uzrasta, napose vjernicima i svima koji vole tu vrstu glazbe. Ona pru\u017ea ...<\/p>\n","protected":false},"author":4,"featured_media":13262,"comment_status":"closed","ping_status":"open","sticky":false,"template":"","format":"audio","meta":{"footnotes":""},"categories":[71],"tags":[133,139,18,116,119,120],"class_list":["post-13261","post","type-post","status-publish","format-audio","has-post-thumbnail","hentry","category-blitz","tag-blitz","tag-mali-losinj","tag-music-wordpress-themes","tag-otok-vitalnosti","tag-radiojadranka","tag-radiolosinj","post_format-post-format-audio"],"aioseo_notices":[],"_links":{"self":[{"href":"https:\/\/radiojadranka.hr\/index.php\/wp-json\/wp\/v2\/posts\/13261","targetHints":{"allow":["GET"]}}],"collection":[{"href":"https:\/\/radiojadranka.hr\/index.php\/wp-json\/wp\/v2\/posts"}],"about":[{"href":"https:\/\/radiojadranka.hr\/index.php\/wp-json\/wp\/v2\/types\/post"}],"author":[{"embeddable":true,"href":"https:\/\/radiojadranka.hr\/index.php\/wp-json\/wp\/v2\/users\/4"}],"replies":[{"embeddable":true,"href":"https:\/\/radiojadranka.hr\/index.php\/wp-json\/wp\/v2\/comments?post=13261"}],"version-history":[{"count":2,"href":"https:\/\/radiojadranka.hr\/index.php\/wp-json\/wp\/v2\/posts\/13261\/revisions"}],"predecessor-version":[{"id":13265,"href":"https:\/\/radiojadranka.hr\/index.php\/wp-json\/wp\/v2\/posts\/13261\/revisions\/13265"}],"wp:featuredmedia":[{"embeddable":true,"href":"https:\/\/radiojadranka.hr\/index.php\/wp-json\/wp\/v2\/media\/13262"}],"wp:attachment":[{"href":"https:\/\/radiojadranka.hr\/index.php\/wp-json\/wp\/v2\/media?parent=13261"}],"wp:term":[{"taxonomy":"category","embeddable":true,"href":"https:\/\/radiojadranka.hr\/index.php\/wp-json\/wp\/v2\/categories?post=13261"},{"taxonomy":"post_tag","embeddable":true,"href":"https:\/\/radiojadranka.hr\/index.php\/wp-json\/wp\/v2\/tags?post=13261"}],"curies":[{"name":"wp","href":"https:\/\/api.w.org\/{rel}","templated":true}]}}