{"id":13247,"date":"2025-07-02T14:28:51","date_gmt":"2025-07-02T12:28:51","guid":{"rendered":"https:\/\/radiojadranka.hr\/?p=13247"},"modified":"2025-07-02T14:28:51","modified_gmt":"2025-07-02T12:28:51","slug":"dustvo-vodoopskrbe-i-odvodnje-cres-losinj-pripaja-se-ponikvama-krk","status":"publish","type":"post","link":"https:\/\/radiojadranka.hr\/index.php\/2025\/07\/02\/dustvo-vodoopskrbe-i-odvodnje-cres-losinj-pripaja-se-ponikvama-krk\/","title":{"rendered":"Du\u0161tvo Vodoopskrbe i odvodnje Cres Lo\u0161inj pripaja se Ponikvama Krk"},"content":{"rendered":"<p>Konferencija po temi pripajanja dru\u0161tva Vodoopskrbe i odvodnja Cres Lo\u0161inj Ponikvama Krk.<\/p>\n<p><iframe title=\"020725 Vodovod\" width=\"100%\" height=\"120\" src=\"https:\/\/www.mixcloud.com\/widget\/iframe\/?feed=https%3A%2F%2Fwww.mixcloud.com%2Fradio_jadranka%2F020725-vodovod%2F&amp;hide_cover=1\" frameborder=\"0\" allow=\"encrypted-media; fullscreen; autoplay; idle-detection; speaker-selection; web-share;\"><\/iframe><\/p>\n<div class=\"mceTemp\"><\/div>\n<p><img fetchpriority=\"high\" decoding=\"async\" class=\"size-medium wp-image-13250\" src=\"https:\/\/radiojadranka.hr\/wp-content\/uploads\/2025\/07\/IMG20250702111856-770x344.jpg\" alt=\"\" width=\"770\" height=\"344\" srcset=\"https:\/\/radiojadranka.hr\/wp-content\/uploads\/2025\/07\/IMG20250702111856-770x344.jpg 770w, https:\/\/radiojadranka.hr\/wp-content\/uploads\/2025\/07\/IMG20250702111856-1170x523.jpg 1170w, https:\/\/radiojadranka.hr\/wp-content\/uploads\/2025\/07\/IMG20250702111856-768x344.jpg 768w, https:\/\/radiojadranka.hr\/wp-content\/uploads\/2025\/07\/IMG20250702111856-1536x687.jpg 1536w, https:\/\/radiojadranka.hr\/wp-content\/uploads\/2025\/07\/IMG20250702111856.jpg 1920w\" sizes=\"(max-width: 770px) 100vw, 770px\" \/><\/p>\n<p>&nbsp;<\/p>\n<p>&nbsp;<\/p>\n","protected":false},"excerpt":{"rendered":"<p>Konferencija po temi pripajanja dru\u0161tva Vodoopskrbe i odvodnja Cres Lo\u0161inj Ponikvama Krk. &nbsp; &nbsp;<\/p>\n","protected":false},"author":4,"featured_media":13249,"comment_status":"closed","ping_status":"open","sticky":false,"template":"","format":"audio","meta":{"footnotes":""},"categories":[72],"tags":[139,116,119,120,117],"class_list":["post-13247","post","type-post","status-publish","format-audio","has-post-thumbnail","hentry","category-vijesti","tag-mali-losinj","tag-otok-vitalnosti","tag-radiojadranka","tag-radiolosinj","tag-visitlosinj","post_format-post-format-audio"],"aioseo_notices":[],"_links":{"self":[{"href":"https:\/\/radiojadranka.hr\/index.php\/wp-json\/wp\/v2\/posts\/13247","targetHints":{"allow":["GET"]}}],"collection":[{"href":"https:\/\/radiojadranka.hr\/index.php\/wp-json\/wp\/v2\/posts"}],"about":[{"href":"https:\/\/radiojadranka.hr\/index.php\/wp-json\/wp\/v2\/types\/post"}],"author":[{"embeddable":true,"href":"https:\/\/radiojadranka.hr\/index.php\/wp-json\/wp\/v2\/users\/4"}],"replies":[{"embeddable":true,"href":"https:\/\/radiojadranka.hr\/index.php\/wp-json\/wp\/v2\/comments?post=13247"}],"version-history":[{"count":1,"href":"https:\/\/radiojadranka.hr\/index.php\/wp-json\/wp\/v2\/posts\/13247\/revisions"}],"predecessor-version":[{"id":13251,"href":"https:\/\/radiojadranka.hr\/index.php\/wp-json\/wp\/v2\/posts\/13247\/revisions\/13251"}],"wp:featuredmedia":[{"embeddable":true,"href":"https:\/\/radiojadranka.hr\/index.php\/wp-json\/wp\/v2\/media\/13249"}],"wp:attachment":[{"href":"https:\/\/radiojadranka.hr\/index.php\/wp-json\/wp\/v2\/media?parent=13247"}],"wp:term":[{"taxonomy":"category","embeddable":true,"href":"https:\/\/radiojadranka.hr\/index.php\/wp-json\/wp\/v2\/categories?post=13247"},{"taxonomy":"post_tag","embeddable":true,"href":"https:\/\/radiojadranka.hr\/index.php\/wp-json\/wp\/v2\/tags?post=13247"}],"curies":[{"name":"wp","href":"https:\/\/api.w.org\/{rel}","templated":true}]}}