{"id":13242,"date":"2025-07-02T11:14:59","date_gmt":"2025-07-02T09:14:59","guid":{"rendered":"https:\/\/radiojadranka.hr\/?p=13242"},"modified":"2025-07-02T11:18:55","modified_gmt":"2025-07-02T09:18:55","slug":"33-dan-dupina","status":"publish","type":"post","link":"https:\/\/radiojadranka.hr\/index.php\/2025\/07\/02\/33-dan-dupina\/","title":{"rendered":"33. Dan dupina!"},"content":{"rendered":"<p>Ju\u010der, 1. srpnja, obilje\u017eio se 33. dan dupina<\/p>\n<p>Plavi svijet organizira ovu jedinstvenu manifestaciju od svog osnutka 1999. godine kao krunu edukacijskih aktivnosti.<\/p>\n<p>Kao i svake godine organiziran je prigodni program. Ono \u0161to uvijek privu\u010de najvi\u0161e pozornosti je igra Potraga za blagom u kojoj je ove godine pobjedila grupa Zlati\u0107i.<\/p>\n<p><iframe title=\"010725 Dan Dupina\" width=\"100%\" height=\"120\" src=\"https:\/\/www.mixcloud.com\/widget\/iframe\/?feed=https%3A%2F%2Fwww.mixcloud.com%2Fradio_jadranka%2F010725-dan-dupina%2F&amp;hide_cover=1\" frameborder=\"0\" allow=\"encrypted-media; fullscreen; autoplay; idle-detection; speaker-selection; web-share;\"><\/iframe><\/p>\n<p>O ovom danu i programu koji je odr\u017ean ju\u010der u jutarnjim satima kratko smo porazgovarali s Ivanom \u0160eparovi\u0107 iz instituta plavi svijet.<\/p>\n<p><iframe title=\"010725 Ivana \u0160eparovic\" width=\"100%\" height=\"120\" src=\"https:\/\/www.mixcloud.com\/widget\/iframe\/?feed=https%3A%2F%2Fwww.mixcloud.com%2Fradio_jadranka%2F010725-ivana-%25C5%25A1eparovic%2F&amp;hide_cover=1\" frameborder=\"0\" allow=\"encrypted-media; fullscreen; autoplay; idle-detection; speaker-selection; web-share;\"><\/iframe><\/p>\n<p>&nbsp;<\/p>\n<p>&nbsp;<\/p>\n<p>&nbsp;<\/p>\n","protected":false},"excerpt":{"rendered":"<p>Ju\u010der, 1. srpnja, obilje\u017eio se 33. dan dupina Plavi svijet organizira ovu jedinstvenu manifestaciju od svog osnutka 1999. godine kao krunu edukacijskih aktivnosti. Kao i svake godine organiziran je prigodni program. Ono \u0161to uvijek privu\u010de najvi\u0161e pozornosti je igra Potraga za blagom u kojoj je ove godine pobjedila grupa Zlati\u0107i. ...<\/p>\n","protected":false},"author":4,"featured_media":13243,"comment_status":"closed","ping_status":"open","sticky":false,"template":"","format":"audio","meta":{"footnotes":""},"categories":[72],"tags":[],"class_list":["post-13242","post","type-post","status-publish","format-audio","has-post-thumbnail","hentry","category-vijesti","post_format-post-format-audio"],"aioseo_notices":[],"_links":{"self":[{"href":"https:\/\/radiojadranka.hr\/index.php\/wp-json\/wp\/v2\/posts\/13242","targetHints":{"allow":["GET"]}}],"collection":[{"href":"https:\/\/radiojadranka.hr\/index.php\/wp-json\/wp\/v2\/posts"}],"about":[{"href":"https:\/\/radiojadranka.hr\/index.php\/wp-json\/wp\/v2\/types\/post"}],"author":[{"embeddable":true,"href":"https:\/\/radiojadranka.hr\/index.php\/wp-json\/wp\/v2\/users\/4"}],"replies":[{"embeddable":true,"href":"https:\/\/radiojadranka.hr\/index.php\/wp-json\/wp\/v2\/comments?post=13242"}],"version-history":[{"count":3,"href":"https:\/\/radiojadranka.hr\/index.php\/wp-json\/wp\/v2\/posts\/13242\/revisions"}],"predecessor-version":[{"id":13246,"href":"https:\/\/radiojadranka.hr\/index.php\/wp-json\/wp\/v2\/posts\/13242\/revisions\/13246"}],"wp:featuredmedia":[{"embeddable":true,"href":"https:\/\/radiojadranka.hr\/index.php\/wp-json\/wp\/v2\/media\/13243"}],"wp:attachment":[{"href":"https:\/\/radiojadranka.hr\/index.php\/wp-json\/wp\/v2\/media?parent=13242"}],"wp:term":[{"taxonomy":"category","embeddable":true,"href":"https:\/\/radiojadranka.hr\/index.php\/wp-json\/wp\/v2\/categories?post=13242"},{"taxonomy":"post_tag","embeddable":true,"href":"https:\/\/radiojadranka.hr\/index.php\/wp-json\/wp\/v2\/tags?post=13242"}],"curies":[{"name":"wp","href":"https:\/\/api.w.org\/{rel}","templated":true}]}}