{"id":13207,"date":"2025-06-30T14:40:15","date_gmt":"2025-06-30T12:40:15","guid":{"rendered":"https:\/\/radiojadranka.hr\/?p=13207"},"modified":"2025-07-02T08:05:51","modified_gmt":"2025-07-02T06:05:51","slug":"isle-of-wonders-2025-godine","status":"publish","type":"post","link":"https:\/\/radiojadranka.hr\/index.php\/2025\/06\/30\/isle-of-wonders-2025-godine\/","title":{"rendered":"Isle of Wonders 2025. godine"},"content":{"rendered":"<p>Grad Cres za vikend je jo\u0161 jednom bio doma\u0107in sjajnog festivala \u2013 Isle of Worders.<\/p>\n<p>Bio je to spektakularan vikend fantasy magije i okupljanja ljubitelja \u017eanra fantazije. Atmosfera, program i anga\u017eman gostiju ostavili su sna\u017ean dojam, a Cres opet je zaslu\u017eio ime \u201eotok \u010duda\u201c te \u201e\u010darobna pozornica fantazije\u201c.<\/p>\n<p>O do\u017eivljajima na festivalu vi\u0161e nam je rekao \u00a0Dino iz Geek kluba out of mana Osijek<\/p>\n<p><iframe title=\"300635 Outofmanaosjek\" width=\"100%\" height=\"120\" src=\"https:\/\/www.mixcloud.com\/widget\/iframe\/?feed=https%3A%2F%2Fwww.mixcloud.com%2Fradio_jadranka%2F300635-outofmanaosjek%2F&amp;hide_cover=1\" frameborder=\"0\" allow=\"encrypted-media; fullscreen; autoplay; idle-detection; speaker-selection; web-share;\"><\/iframe><\/p>\n<p>Jedna od atrakcija bila je grupa koja je svojim instrumentima, odje\u0107om te raznim rekvizitima posjetitelje vratila u srednjovjekovnu Ma\u0111arsku. Poslu\u0161ajmo \u010dlana grupe Dominika \u0160uri\u0107a<\/p>\n<p><iframe title=\"300625 Dominik \u0160uri\u0107\" width=\"100%\" height=\"120\" src=\"https:\/\/www.mixcloud.com\/widget\/iframe\/?feed=https%3A%2F%2Fwww.mixcloud.com%2Fradio_jadranka%2F300625-dominik-%25C5%25A1uri%25C4%2587%2F&amp;hide_cover=1\" frameborder=\"0\" allow=\"encrypted-media; fullscreen; autoplay; idle-detection; speaker-selection; web-share;\"><\/iframe><\/p>\n<p>U razgovoru o fantaziji nemogu\u0107e je izostaviti dru\u0161tvenu igru Dungens and dragons.<\/p>\n<p>Ta se igra na festivalu igrala satima, no o jednom malo druga\u010dijem pristupu ovoj voljenoj igri rekao nam je Marvin iz grupe Postorolli<\/p>\n<p><iframe title=\"300625 Pustorolli\" width=\"100%\" height=\"120\" src=\"https:\/\/www.mixcloud.com\/widget\/iframe\/?feed=https%3A%2F%2Fwww.mixcloud.com%2Fradio_jadranka%2F300625-pustorolli%2F&amp;hide_cover=1\" frameborder=\"0\" allow=\"encrypted-media; fullscreen; autoplay; idle-detection; speaker-selection; web-share;\"><\/iframe><\/p>\n<p>Sve u svemu, i ove je godine festival uspje\u0161no skupio obo\u017eavatelje fantazije diljem Hrvatske ali i svijeta te jedva \u010dekamo njegov povratak idu\u0107e godine.<\/p>\n<p>&nbsp;<\/p>\n<p><img fetchpriority=\"high\" decoding=\"async\" class=\" wp-image-13210\" src=\"https:\/\/radiojadranka.hr\/wp-content\/uploads\/2025\/06\/IMG20250628182533-580x770.jpg\" alt=\"\" width=\"316\" height=\"420\" srcset=\"https:\/\/radiojadranka.hr\/wp-content\/uploads\/2025\/06\/IMG20250628182533-580x770.jpg 580w, https:\/\/radiojadranka.hr\/wp-content\/uploads\/2025\/06\/IMG20250628182533-881x1170.jpg 881w, https:\/\/radiojadranka.hr\/wp-content\/uploads\/2025\/06\/IMG20250628182533-768x1020.jpg 768w, https:\/\/radiojadranka.hr\/wp-content\/uploads\/2025\/06\/IMG20250628182533-1157x1536.jpg 1157w, https:\/\/radiojadranka.hr\/wp-content\/uploads\/2025\/06\/IMG20250628182533-1542x2048.jpg 1542w, https:\/\/radiojadranka.hr\/wp-content\/uploads\/2025\/06\/IMG20250628182533-scaled.jpg 1928w\" sizes=\"(max-width: 316px) 100vw, 316px\" \/><\/p>\n<p><img decoding=\"async\" class=\" wp-image-13211\" src=\"https:\/\/radiojadranka.hr\/wp-content\/uploads\/2025\/06\/IMG20250628194145-770x580.jpg\" alt=\"\" width=\"508\" height=\"383\" srcset=\"https:\/\/radiojadranka.hr\/wp-content\/uploads\/2025\/06\/IMG20250628194145-770x580.jpg 770w, https:\/\/radiojadranka.hr\/wp-content\/uploads\/2025\/06\/IMG20250628194145-1170x881.jpg 1170w, https:\/\/radiojadranka.hr\/wp-content\/uploads\/2025\/06\/IMG20250628194145-768x578.jpg 768w, https:\/\/radiojadranka.hr\/wp-content\/uploads\/2025\/06\/IMG20250628194145-1536x1157.jpg 1536w, https:\/\/radiojadranka.hr\/wp-content\/uploads\/2025\/06\/IMG20250628194145-2048x1542.jpg 2048w\" sizes=\"(max-width: 508px) 100vw, 508px\" \/><\/p>\n<p><img decoding=\"async\" class=\" wp-image-13209\" src=\"https:\/\/radiojadranka.hr\/wp-content\/uploads\/2025\/06\/IMG20250628182435-580x770.jpg\" alt=\"\" width=\"317\" height=\"421\" srcset=\"https:\/\/radiojadranka.hr\/wp-content\/uploads\/2025\/06\/IMG20250628182435-580x770.jpg 580w, https:\/\/radiojadranka.hr\/wp-content\/uploads\/2025\/06\/IMG20250628182435-881x1170.jpg 881w, https:\/\/radiojadranka.hr\/wp-content\/uploads\/2025\/06\/IMG20250628182435-768x1020.jpg 768w, https:\/\/radiojadranka.hr\/wp-content\/uploads\/2025\/06\/IMG20250628182435-1157x1536.jpg 1157w, https:\/\/radiojadranka.hr\/wp-content\/uploads\/2025\/06\/IMG20250628182435-1542x2048.jpg 1542w, https:\/\/radiojadranka.hr\/wp-content\/uploads\/2025\/06\/IMG20250628182435-scaled.jpg 1928w\" sizes=\"(max-width: 317px) 100vw, 317px\" \/><\/p>\n","protected":false},"excerpt":{"rendered":"<p>Grad Cres za vikend je jo\u0161 jednom bio doma\u0107in sjajnog festivala \u2013 Isle of Worders. Bio je to spektakularan vikend fantasy magije i okupljanja ljubitelja \u017eanra fantazije. Atmosfera, program i anga\u017eman gostiju ostavili su sna\u017ean dojam, a Cres opet je zaslu\u017eio ime \u201eotok \u010duda\u201c te \u201e\u010darobna pozornica fantazije\u201c. O do\u017eivljajima ...<\/p>\n","protected":false},"author":4,"featured_media":13212,"comment_status":"closed","ping_status":"open","sticky":false,"template":"","format":"audio","meta":{"footnotes":""},"categories":[72],"tags":[119,120],"class_list":["post-13207","post","type-post","status-publish","format-audio","has-post-thumbnail","hentry","category-vijesti","tag-radiojadranka","tag-radiolosinj","post_format-post-format-audio"],"aioseo_notices":[],"_links":{"self":[{"href":"https:\/\/radiojadranka.hr\/index.php\/wp-json\/wp\/v2\/posts\/13207","targetHints":{"allow":["GET"]}}],"collection":[{"href":"https:\/\/radiojadranka.hr\/index.php\/wp-json\/wp\/v2\/posts"}],"about":[{"href":"https:\/\/radiojadranka.hr\/index.php\/wp-json\/wp\/v2\/types\/post"}],"author":[{"embeddable":true,"href":"https:\/\/radiojadranka.hr\/index.php\/wp-json\/wp\/v2\/users\/4"}],"replies":[{"embeddable":true,"href":"https:\/\/radiojadranka.hr\/index.php\/wp-json\/wp\/v2\/comments?post=13207"}],"version-history":[{"count":4,"href":"https:\/\/radiojadranka.hr\/index.php\/wp-json\/wp\/v2\/posts\/13207\/revisions"}],"predecessor-version":[{"id":13240,"href":"https:\/\/radiojadranka.hr\/index.php\/wp-json\/wp\/v2\/posts\/13207\/revisions\/13240"}],"wp:featuredmedia":[{"embeddable":true,"href":"https:\/\/radiojadranka.hr\/index.php\/wp-json\/wp\/v2\/media\/13212"}],"wp:attachment":[{"href":"https:\/\/radiojadranka.hr\/index.php\/wp-json\/wp\/v2\/media?parent=13207"}],"wp:term":[{"taxonomy":"category","embeddable":true,"href":"https:\/\/radiojadranka.hr\/index.php\/wp-json\/wp\/v2\/categories?post=13207"},{"taxonomy":"post_tag","embeddable":true,"href":"https:\/\/radiojadranka.hr\/index.php\/wp-json\/wp\/v2\/tags?post=13207"}],"curies":[{"name":"wp","href":"https:\/\/api.w.org\/{rel}","templated":true}]}}