{"id":13160,"date":"2025-06-20T09:51:51","date_gmt":"2025-06-20T07:51:51","guid":{"rendered":"https:\/\/radiojadranka.hr\/?p=13160"},"modified":"2025-06-20T11:19:30","modified_gmt":"2025-06-20T09:19:30","slug":"tri-posto-vise-nocenja-u-samo-prvih-petnaest-dana-lipnjajjj","status":"publish","type":"post","link":"https:\/\/radiojadranka.hr\/index.php\/2025\/06\/20\/tri-posto-vise-nocenja-u-samo-prvih-petnaest-dana-lipnjajjj\/","title":{"rendered":"\u010cetrnaest posto vi\u0161e no\u0107enja u samo prvih petnaest dana lipnja!"},"content":{"rendered":"<p>Sutra nam slu\u017ebeno sti\u017ee ljeto, a za ovaj, ve\u0107ini, produ\u017eeni vikend pristiglo je i dosta gostiju na na\u0161 otok. Ju\u010der i prekju\u010der velike gu\u017eve kako na trajektima, tako i na cestama, u trgovinama, na pla\u017eama. A kakve su turisti\u010dke brojke bile neposredno prije blagdana Tijelova, te sveukupno u dosada\u0161njem dijelu godine, doznali smo od direktora Turisti\u010dke zajednice grada Malog Lo\u0161inja Dalibora Cvitkovica.<\/p>\n<p>&nbsp;<\/p>\n<p><iframe title=\"180625 Dalibor Cvitkovi\u0107\" width=\"100%\" height=\"120\" src=\"https:\/\/www.mixcloud.com\/widget\/iframe\/?feed=https%3A%2F%2Fwww.mixcloud.com%2Fradio_jadranka%2F180625-dalibor-cvitkovi%25C4%2587%2F&amp;hide_cover=1\" frameborder=\"0\" allow=\"encrypted-media; fullscreen; autoplay; idle-detection; speaker-selection; web-share;\"><\/iframe><\/p>\n<p>&nbsp;<\/p>\n<p><img fetchpriority=\"high\" decoding=\"async\" class=\"wp-image-13162 aligncenter\" src=\"https:\/\/radiojadranka.hr\/wp-content\/uploads\/2025\/06\/beach-uvala-cikat-mali-losinj-island-losinj_0_550.jpg\" alt=\"\" width=\"647\" height=\"486\" \/><\/p>\n","protected":false},"excerpt":{"rendered":"<p>Sutra nam slu\u017ebeno sti\u017ee ljeto, a za ovaj, ve\u0107ini, produ\u017eeni vikend pristiglo je i dosta gostiju na na\u0161 otok. Ju\u010der i prekju\u010der velike gu\u017eve kako na trajektima, tako i na cestama, u trgovinama, na pla\u017eama. A kakve su turisti\u010dke brojke bile neposredno prije blagdana Tijelova, te sveukupno u dosada\u0161njem dijelu ...<\/p>\n","protected":false},"author":4,"featured_media":13161,"comment_status":"closed","ping_status":"open","sticky":false,"template":"","format":"audio","meta":{"footnotes":""},"categories":[71],"tags":[139,116,119,120,117],"class_list":["post-13160","post","type-post","status-publish","format-audio","has-post-thumbnail","hentry","category-blitz","tag-mali-losinj","tag-otok-vitalnosti","tag-radiojadranka","tag-radiolosinj","tag-visitlosinj","post_format-post-format-audio"],"aioseo_notices":[],"_links":{"self":[{"href":"https:\/\/radiojadranka.hr\/index.php\/wp-json\/wp\/v2\/posts\/13160","targetHints":{"allow":["GET"]}}],"collection":[{"href":"https:\/\/radiojadranka.hr\/index.php\/wp-json\/wp\/v2\/posts"}],"about":[{"href":"https:\/\/radiojadranka.hr\/index.php\/wp-json\/wp\/v2\/types\/post"}],"author":[{"embeddable":true,"href":"https:\/\/radiojadranka.hr\/index.php\/wp-json\/wp\/v2\/users\/4"}],"replies":[{"embeddable":true,"href":"https:\/\/radiojadranka.hr\/index.php\/wp-json\/wp\/v2\/comments?post=13160"}],"version-history":[{"count":3,"href":"https:\/\/radiojadranka.hr\/index.php\/wp-json\/wp\/v2\/posts\/13160\/revisions"}],"predecessor-version":[{"id":13165,"href":"https:\/\/radiojadranka.hr\/index.php\/wp-json\/wp\/v2\/posts\/13160\/revisions\/13165"}],"wp:featuredmedia":[{"embeddable":true,"href":"https:\/\/radiojadranka.hr\/index.php\/wp-json\/wp\/v2\/media\/13161"}],"wp:attachment":[{"href":"https:\/\/radiojadranka.hr\/index.php\/wp-json\/wp\/v2\/media?parent=13160"}],"wp:term":[{"taxonomy":"category","embeddable":true,"href":"https:\/\/radiojadranka.hr\/index.php\/wp-json\/wp\/v2\/categories?post=13160"},{"taxonomy":"post_tag","embeddable":true,"href":"https:\/\/radiojadranka.hr\/index.php\/wp-json\/wp\/v2\/tags?post=13160"}],"curies":[{"name":"wp","href":"https:\/\/api.w.org\/{rel}","templated":true}]}}