{"id":13139,"date":"2025-06-17T10:36:53","date_gmt":"2025-06-17T08:36:53","guid":{"rendered":"https:\/\/radiojadranka.hr\/?p=13139"},"modified":"2025-06-18T13:51:57","modified_gmt":"2025-06-18T11:51:57","slug":"svjetski-dan-morskih-kornjaca","status":"publish","type":"post","link":"https:\/\/radiojadranka.hr\/index.php\/2025\/06\/17\/svjetski-dan-morskih-kornjaca\/","title":{"rendered":"Svjetski dan morskih kornja\u010da"},"content":{"rendered":"<p>Na pla\u017ei Veli \u017dal, povodom Svjetskog dana morskih\u00a0 kornja\u010da, ju\u010der je iz oporavili\u0161ta u more pu\u0161tena glavata \u017eelva Vi\u0161nja!<\/p>\n<p>Poslu\u0161ajmo \u0161to nam je tom prilikom rekla predsjednica Instituta Plavi svijet<\/p>\n<p>Jelena Basta:<\/p>\n<p><iframe title=\"170625 Svetski Dan Kornja\u010da\" width=\"100%\" height=\"120\" src=\"https:\/\/www.mixcloud.com\/widget\/iframe\/?feed=https%3A%2F%2Fwww.mixcloud.com%2Fradio_jadranka%2F170625-svetski-dan-kornja%25C4%258Da%2F&amp;hide_cover=1\" frameborder=\"0\" allow=\"encrypted-media; fullscreen; autoplay; idle-detection; speaker-selection; web-share;\"><\/iframe><\/p>\n<p>&nbsp;<\/p>\n<p><img fetchpriority=\"high\" decoding=\"async\" class=\"size-medium wp-image-13143\" src=\"https:\/\/radiojadranka.hr\/wp-content\/uploads\/2025\/06\/IMG20250616185811-344x770.jpg\" alt=\"\" width=\"344\" height=\"770\" srcset=\"https:\/\/radiojadranka.hr\/wp-content\/uploads\/2025\/06\/IMG20250616185811-344x770.jpg 344w, https:\/\/radiojadranka.hr\/wp-content\/uploads\/2025\/06\/IMG20250616185811-523x1170.jpg 523w, https:\/\/radiojadranka.hr\/wp-content\/uploads\/2025\/06\/IMG20250616185811-768x1717.jpg 768w, https:\/\/radiojadranka.hr\/wp-content\/uploads\/2025\/06\/IMG20250616185811-687x1536.jpg 687w, https:\/\/radiojadranka.hr\/wp-content\/uploads\/2025\/06\/IMG20250616185811-916x2048.jpg 916w, https:\/\/radiojadranka.hr\/wp-content\/uploads\/2025\/06\/IMG20250616185811-scaled.jpg 1145w\" sizes=\"(max-width: 344px) 100vw, 344px\" \/><\/p>\n<p><img decoding=\"async\" class=\"size-medium wp-image-13142\" src=\"https:\/\/radiojadranka.hr\/wp-content\/uploads\/2025\/06\/IMG20250616185116-344x770.jpg\" alt=\"\" width=\"344\" height=\"770\" srcset=\"https:\/\/radiojadranka.hr\/wp-content\/uploads\/2025\/06\/IMG20250616185116-344x770.jpg 344w, https:\/\/radiojadranka.hr\/wp-content\/uploads\/2025\/06\/IMG20250616185116-523x1170.jpg 523w, https:\/\/radiojadranka.hr\/wp-content\/uploads\/2025\/06\/IMG20250616185116-768x1717.jpg 768w, https:\/\/radiojadranka.hr\/wp-content\/uploads\/2025\/06\/IMG20250616185116-687x1536.jpg 687w, https:\/\/radiojadranka.hr\/wp-content\/uploads\/2025\/06\/IMG20250616185116-916x2048.jpg 916w, https:\/\/radiojadranka.hr\/wp-content\/uploads\/2025\/06\/IMG20250616185116-scaled.jpg 1145w\" sizes=\"(max-width: 344px) 100vw, 344px\" \/><\/p>\n","protected":false},"excerpt":{"rendered":"<p>Na pla\u017ei Veli \u017dal, povodom Svjetskog dana morskih\u00a0 kornja\u010da, ju\u010der je iz oporavili\u0161ta u more pu\u0161tena glavata \u017eelva Vi\u0161nja! Poslu\u0161ajmo \u0161to nam je tom prilikom rekla predsjednica Instituta Plavi svijet Jelena Basta: &nbsp;<\/p>\n","protected":false},"author":4,"featured_media":13140,"comment_status":"closed","ping_status":"open","sticky":false,"template":"","format":"audio","meta":{"footnotes":""},"categories":[71],"tags":[138,119,120],"class_list":["post-13139","post","type-post","status-publish","format-audio","has-post-thumbnail","hentry","category-blitz","tag-radio","tag-radiojadranka","tag-radiolosinj","post_format-post-format-audio"],"aioseo_notices":[],"_links":{"self":[{"href":"https:\/\/radiojadranka.hr\/index.php\/wp-json\/wp\/v2\/posts\/13139","targetHints":{"allow":["GET"]}}],"collection":[{"href":"https:\/\/radiojadranka.hr\/index.php\/wp-json\/wp\/v2\/posts"}],"about":[{"href":"https:\/\/radiojadranka.hr\/index.php\/wp-json\/wp\/v2\/types\/post"}],"author":[{"embeddable":true,"href":"https:\/\/radiojadranka.hr\/index.php\/wp-json\/wp\/v2\/users\/4"}],"replies":[{"embeddable":true,"href":"https:\/\/radiojadranka.hr\/index.php\/wp-json\/wp\/v2\/comments?post=13139"}],"version-history":[{"count":2,"href":"https:\/\/radiojadranka.hr\/index.php\/wp-json\/wp\/v2\/posts\/13139\/revisions"}],"predecessor-version":[{"id":13155,"href":"https:\/\/radiojadranka.hr\/index.php\/wp-json\/wp\/v2\/posts\/13139\/revisions\/13155"}],"wp:featuredmedia":[{"embeddable":true,"href":"https:\/\/radiojadranka.hr\/index.php\/wp-json\/wp\/v2\/media\/13140"}],"wp:attachment":[{"href":"https:\/\/radiojadranka.hr\/index.php\/wp-json\/wp\/v2\/media?parent=13139"}],"wp:term":[{"taxonomy":"category","embeddable":true,"href":"https:\/\/radiojadranka.hr\/index.php\/wp-json\/wp\/v2\/categories?post=13139"},{"taxonomy":"post_tag","embeddable":true,"href":"https:\/\/radiojadranka.hr\/index.php\/wp-json\/wp\/v2\/tags?post=13139"}],"curies":[{"name":"wp","href":"https:\/\/api.w.org\/{rel}","templated":true}]}}