{"id":13116,"date":"2025-06-12T11:51:17","date_gmt":"2025-06-12T09:51:17","guid":{"rendered":"https:\/\/radiojadranka.hr\/?p=13116"},"modified":"2025-06-12T11:53:57","modified_gmt":"2025-06-12T09:53:57","slug":"ufc-borac-stipe-miocic-posjetio-losinjske-kolege-vatrogasce","status":"publish","type":"post","link":"https:\/\/radiojadranka.hr\/index.php\/2025\/06\/12\/ufc-borac-stipe-miocic-posjetio-losinjske-kolege-vatrogasce\/","title":{"rendered":"UFC borac Stipe Mio\u010di\u0107 posjetio lo\u0161injske kolege vatrogasce!"},"content":{"rendered":"<p>Stipe Mio\u010di\u0107, umirovljeni ameri\u010dki borac borila\u010dkih vje\u0161tina, najve\u0107i te\u0161ka\u0161 UFC-a svih vremena. Visok je 193 cm, s rasponom ruku od 203 cm. Mio\u010di\u0107 radi kao vatrogasni bolni\u010dar. Godine 2016. o\u017eenio se Ryan Marie Carney, a k\u0107i Meelah ro\u0111ena je 2018.\u00a0godine. Stipe Mio\u010di\u0107 razumije hrvatski jezik, ali ga ne govori te\u010dno, pa ga zato i dalje u\u010di. Tijekom svog boravka na Lo\u0161inju, posjetio je kolege vatrogasce u Javnoj vatrogasnoj postrojbi Mali Lo\u0161inj te iskoristio vrijeme za razgovor i dru\u017eenje. Zanimljivo je da je Tome Mio\u010di\u0107, lo\u0161injski vatrogasac ro\u0111ak Stipe Mio\u010di\u0107a u 7 koljenu!<\/p>\n<div id='gallery-1' class='gallery galleryid-13116 gallery-columns-3 gallery-size-thumbnail'><figure class='gallery-item'>\n\t\t\t<div class='gallery-icon portrait'>\n\t\t\t\t<a href='https:\/\/radiojadranka.hr\/index.php\/2025\/06\/12\/ufc-borac-stipe-miocic-posjetio-losinjske-kolege-vatrogasce\/img-3b46a29912c22539ddfa86a7e1569148-v\/'><img decoding=\"async\" width=\"150\" height=\"150\" src=\"https:\/\/radiojadranka.hr\/wp-content\/uploads\/2025\/06\/IMG-3b46a29912c22539ddfa86a7e1569148-V-150x150.jpg\" class=\"attachment-thumbnail size-thumbnail\" alt=\"\" srcset=\"https:\/\/radiojadranka.hr\/wp-content\/uploads\/2025\/06\/IMG-3b46a29912c22539ddfa86a7e1569148-V-150x150.jpg 150w, https:\/\/radiojadranka.hr\/wp-content\/uploads\/2025\/06\/IMG-3b46a29912c22539ddfa86a7e1569148-V-100x100.jpg 100w, https:\/\/radiojadranka.hr\/wp-content\/uploads\/2025\/06\/IMG-3b46a29912c22539ddfa86a7e1569148-V-370x370.jpg 370w\" sizes=\"(max-width: 150px) 100vw, 150px\" \/><\/a>\n\t\t\t<\/div><\/figure><figure class='gallery-item'>\n\t\t\t<div class='gallery-icon portrait'>\n\t\t\t\t<a href='https:\/\/radiojadranka.hr\/index.php\/2025\/06\/12\/ufc-borac-stipe-miocic-posjetio-losinjske-kolege-vatrogasce\/img-73c7c767cc4f87f1a3c5ccdf476c9f7f-v\/'><img decoding=\"async\" width=\"150\" height=\"150\" src=\"https:\/\/radiojadranka.hr\/wp-content\/uploads\/2025\/06\/IMG-73c7c767cc4f87f1a3c5ccdf476c9f7f-V-150x150.jpg\" class=\"attachment-thumbnail size-thumbnail\" alt=\"\" srcset=\"https:\/\/radiojadranka.hr\/wp-content\/uploads\/2025\/06\/IMG-73c7c767cc4f87f1a3c5ccdf476c9f7f-V-150x150.jpg 150w, https:\/\/radiojadranka.hr\/wp-content\/uploads\/2025\/06\/IMG-73c7c767cc4f87f1a3c5ccdf476c9f7f-V-100x100.jpg 100w, https:\/\/radiojadranka.hr\/wp-content\/uploads\/2025\/06\/IMG-73c7c767cc4f87f1a3c5ccdf476c9f7f-V-370x370.jpg 370w\" sizes=\"(max-width: 150px) 100vw, 150px\" \/><\/a>\n\t\t\t<\/div><\/figure><figure class='gallery-item'>\n\t\t\t<div class='gallery-icon portrait'>\n\t\t\t\t<a href='https:\/\/radiojadranka.hr\/index.php\/2025\/06\/12\/ufc-borac-stipe-miocic-posjetio-losinjske-kolege-vatrogasce\/img-924c5f4aa6946d0ee9fb4bfd08f03db0-v\/'><img decoding=\"async\" width=\"150\" height=\"150\" src=\"https:\/\/radiojadranka.hr\/wp-content\/uploads\/2025\/06\/IMG-924c5f4aa6946d0ee9fb4bfd08f03db0-V-150x150.jpg\" class=\"attachment-thumbnail size-thumbnail\" alt=\"\" srcset=\"https:\/\/radiojadranka.hr\/wp-content\/uploads\/2025\/06\/IMG-924c5f4aa6946d0ee9fb4bfd08f03db0-V-150x150.jpg 150w, https:\/\/radiojadranka.hr\/wp-content\/uploads\/2025\/06\/IMG-924c5f4aa6946d0ee9fb4bfd08f03db0-V-100x100.jpg 100w, https:\/\/radiojadranka.hr\/wp-content\/uploads\/2025\/06\/IMG-924c5f4aa6946d0ee9fb4bfd08f03db0-V-370x370.jpg 370w\" sizes=\"(max-width: 150px) 100vw, 150px\" \/><\/a>\n\t\t\t<\/div><\/figure><figure class='gallery-item'>\n\t\t\t<div class='gallery-icon portrait'>\n\t\t\t\t<a href='https:\/\/radiojadranka.hr\/index.php\/2025\/06\/12\/ufc-borac-stipe-miocic-posjetio-losinjske-kolege-vatrogasce\/img-ece216df8b63ee1d78efab222e8150f6-v\/'><img loading=\"lazy\" decoding=\"async\" width=\"150\" height=\"150\" src=\"https:\/\/radiojadranka.hr\/wp-content\/uploads\/2025\/06\/IMG-ece216df8b63ee1d78efab222e8150f6-V-150x150.jpg\" class=\"attachment-thumbnail size-thumbnail\" alt=\"\" srcset=\"https:\/\/radiojadranka.hr\/wp-content\/uploads\/2025\/06\/IMG-ece216df8b63ee1d78efab222e8150f6-V-150x150.jpg 150w, https:\/\/radiojadranka.hr\/wp-content\/uploads\/2025\/06\/IMG-ece216df8b63ee1d78efab222e8150f6-V-100x100.jpg 100w, https:\/\/radiojadranka.hr\/wp-content\/uploads\/2025\/06\/IMG-ece216df8b63ee1d78efab222e8150f6-V-370x370.jpg 370w\" sizes=\"(max-width: 150px) 100vw, 150px\" \/><\/a>\n\t\t\t<\/div><\/figure><figure class='gallery-item'>\n\t\t\t<div class='gallery-icon landscape'>\n\t\t\t\t<a href='https:\/\/radiojadranka.hr\/index.php\/2025\/06\/12\/ufc-borac-stipe-miocic-posjetio-losinjske-kolege-vatrogasce\/oplus_16777216\/'><img loading=\"lazy\" decoding=\"async\" width=\"150\" height=\"150\" src=\"https:\/\/radiojadranka.hr\/wp-content\/uploads\/2025\/06\/IMG_20250612_114323-150x150.jpg\" class=\"attachment-thumbnail size-thumbnail\" alt=\"\" aria-describedby=\"gallery-1-13121\" srcset=\"https:\/\/radiojadranka.hr\/wp-content\/uploads\/2025\/06\/IMG_20250612_114323-150x150.jpg 150w, https:\/\/radiojadranka.hr\/wp-content\/uploads\/2025\/06\/IMG_20250612_114323-100x100.jpg 100w, https:\/\/radiojadranka.hr\/wp-content\/uploads\/2025\/06\/IMG_20250612_114323-370x370.jpg 370w\" sizes=\"(max-width: 150px) 100vw, 150px\" \/><\/a>\n\t\t\t<\/div>\n\t\t\t\t<figcaption class='wp-caption-text gallery-caption' id='gallery-1-13121'>\n\t\t\t\tOplus_16777216\n\t\t\t\t<\/figcaption><\/figure>\n\t\t<\/div>\n\n","protected":false},"excerpt":{"rendered":"<p>Stipe Mio\u010di\u0107, umirovljeni ameri\u010dki borac borila\u010dkih vje\u0161tina, najve\u0107i te\u0161ka\u0161 UFC-a svih vremena. Visok je 193 cm, s rasponom ruku od 203 cm. Mio\u010di\u0107 radi kao vatrogasni bolni\u010dar. Godine 2016. o\u017eenio se Ryan Marie Carney, a k\u0107i Meelah ro\u0111ena je 2018.\u00a0godine. Stipe Mio\u010di\u0107 razumije hrvatski jezik, ali ga ne govori te\u010dno, ...<\/p>\n","protected":false},"author":2,"featured_media":13121,"comment_status":"closed","ping_status":"open","sticky":false,"template":"","format":"audio","meta":{"footnotes":""},"categories":[72],"tags":[],"class_list":["post-13116","post","type-post","status-publish","format-audio","has-post-thumbnail","hentry","category-vijesti","post_format-post-format-audio"],"aioseo_notices":[],"_links":{"self":[{"href":"https:\/\/radiojadranka.hr\/index.php\/wp-json\/wp\/v2\/posts\/13116","targetHints":{"allow":["GET"]}}],"collection":[{"href":"https:\/\/radiojadranka.hr\/index.php\/wp-json\/wp\/v2\/posts"}],"about":[{"href":"https:\/\/radiojadranka.hr\/index.php\/wp-json\/wp\/v2\/types\/post"}],"author":[{"embeddable":true,"href":"https:\/\/radiojadranka.hr\/index.php\/wp-json\/wp\/v2\/users\/2"}],"replies":[{"embeddable":true,"href":"https:\/\/radiojadranka.hr\/index.php\/wp-json\/wp\/v2\/comments?post=13116"}],"version-history":[{"count":3,"href":"https:\/\/radiojadranka.hr\/index.php\/wp-json\/wp\/v2\/posts\/13116\/revisions"}],"predecessor-version":[{"id":13124,"href":"https:\/\/radiojadranka.hr\/index.php\/wp-json\/wp\/v2\/posts\/13116\/revisions\/13124"}],"wp:featuredmedia":[{"embeddable":true,"href":"https:\/\/radiojadranka.hr\/index.php\/wp-json\/wp\/v2\/media\/13121"}],"wp:attachment":[{"href":"https:\/\/radiojadranka.hr\/index.php\/wp-json\/wp\/v2\/media?parent=13116"}],"wp:term":[{"taxonomy":"category","embeddable":true,"href":"https:\/\/radiojadranka.hr\/index.php\/wp-json\/wp\/v2\/categories?post=13116"},{"taxonomy":"post_tag","embeddable":true,"href":"https:\/\/radiojadranka.hr\/index.php\/wp-json\/wp\/v2\/tags?post=13116"}],"curies":[{"name":"wp","href":"https:\/\/api.w.org\/{rel}","templated":true}]}}