{"id":13111,"date":"2025-06-12T11:37:35","date_gmt":"2025-06-12T09:37:35","guid":{"rendered":"https:\/\/radiojadranka.hr\/?p=13111"},"modified":"2025-06-12T11:38:02","modified_gmt":"2025-06-12T09:38:02","slug":"ucenici-4-c-razreda-kroz-brosuru-i-video-promoviraju-pomorsku-bastinu-u-projektu-zavicajni-mozaik","status":"publish","type":"post","link":"https:\/\/radiojadranka.hr\/index.php\/2025\/06\/12\/ucenici-4-c-razreda-kroz-brosuru-i-video-promoviraju-pomorsku-bastinu-u-projektu-zavicajni-mozaik\/","title":{"rendered":"U\u010denici 4.c razreda kroz bro\u0161uru i video promoviraju pomorsku ba\u0161tinu u projektu &#8220;Zavi\u010dajni mozaik&#8221;!"},"content":{"rendered":"<p>Film \u0107e se javnosti predstaviti na sutra\u0161njoj fe\u0161ti udruge &#8220;Je\u017einac&#8221; na Sv.Martinu, gdje \u0107e u sklopu ribarske ve\u010deri prisutni pogledati video koji su snimili i montirali u\u010denici \u010detvrtog c razreda osnovne \u0161kole Maria Martinoli\u0107a. U studiju su gostovali u\u010denici Petra Vukovi\u0107, Katarina \u0160egota i Gabrijel Simon\u0161ek, njihove u\u010diteljice Rafaela Kuljani\u0107 i Suzi Slavica te ravnateljica Olivela Franko. U prvom dijelu emisije ravnateljica je najavila podizanje zelene &#8220;Eko zastave&#8221; 4.7., kada \u0107e se dijeliti svjedod\u017ebe u\u010denicima.<\/p>\n<p>Poslu\u0161ajte emisiju u cijelosti&#8230;.<\/p>\n<p><iframe title=\"120625 Osnovna Skola Zavi\u010dajni Projekti\" width=\"100%\" height=\"120\" src=\"https:\/\/www.mixcloud.com\/widget\/iframe\/?feed=https%3A%2F%2Fwww.mixcloud.com%2Fradio_jadranka%2F120625-osnovna-skola-zavi%25C4%258Dajni-projekti%2F&amp;hide_cover=1\" frameborder=\"0\" allow=\"encrypted-media; fullscreen; autoplay; idle-detection; speaker-selection; web-share;\"><\/iframe><\/p>\n<p>Cilj projekta je bio sakupiti materijale iz raznih krajeva na\u0161e \u017eupanije kako bi u\u010denici razredne nastave mogli doznati i nau\u010diti zanimljive podatke o tim mjestima ispri\u010dane od svojih vr\u0161njaka. Autorice projekta su u\u010diteljice Bojana Lan\u010da i Andrea Barac.<\/p>\n<p>Na po\u010detku \u0161kolske godine su trebali izabrati temu, a mogli su birati iz prirodne ili kulturne ba\u0161tine svoga kraja. U\u010denike 4.c razreda je zanimalo za\u0161to se na grbu grada Malog Lo\u0161inja nalazi jedrenjak pa su odabrali temu: Zlatno doba lo\u0161injskog pomorstva i brodogradnje.<\/p>\n<p>Zadatak je bio istra\u017eiti temu, zatim u prvom polugodi\u0161tu napraviti jedan tiskani materijal (plakat, letak ili bro\u0161uru), a u drugom polugodi\u0161tu snimiti dokumentarni film.<\/p>\n<p>Finale \u017eupanijskog projekta dogodio se u Rijeci u Dje\u010djoj ku\u0107i gdje su pogledali sve finalne proizvode odnosno dokumentarne filmove svih razreda koji su sudjelovali u projektu. Promocija dokumentarnih filmova bila je sve\u010dano organizirana od strane Art kina Rijeka te su dobili diplome za sudjelovanje u projektu. U kona\u010dnici su puno nau\u010dili o razli\u010ditim temama iz svih krajeva na\u0161e \u017eupanije.<\/p>\n<p>U\u010denici i njihove u\u010diteljice zahvaljuju se TZ Mali Lo\u0161inj koja im je omogu\u0107ila put na promociju.<\/p>\n<p><img fetchpriority=\"high\" decoding=\"async\" class=\"alignnone size-medium wp-image-13113\" src=\"https:\/\/radiojadranka.hr\/wp-content\/uploads\/2025\/06\/IMG-20250612-WA0004-578x770.jpg\" alt=\"\" width=\"578\" height=\"770\" srcset=\"https:\/\/radiojadranka.hr\/wp-content\/uploads\/2025\/06\/IMG-20250612-WA0004-578x770.jpg 578w, https:\/\/radiojadranka.hr\/wp-content\/uploads\/2025\/06\/IMG-20250612-WA0004-878x1170.jpg 878w, https:\/\/radiojadranka.hr\/wp-content\/uploads\/2025\/06\/IMG-20250612-WA0004-768x1024.jpg 768w, https:\/\/radiojadranka.hr\/wp-content\/uploads\/2025\/06\/IMG-20250612-WA0004-1152x1536.jpg 1152w, https:\/\/radiojadranka.hr\/wp-content\/uploads\/2025\/06\/IMG-20250612-WA0004.jpg 1536w\" sizes=\"(max-width: 578px) 100vw, 578px\" \/><\/p>\n","protected":false},"excerpt":{"rendered":"<p>Film \u0107e se javnosti predstaviti na sutra\u0161njoj fe\u0161ti udruge &#8220;Je\u017einac&#8221; na Sv.Martinu, gdje \u0107e u sklopu ribarske ve\u010deri prisutni pogledati video koji su snimili i montirali u\u010denici \u010detvrtog c razreda osnovne \u0161kole Maria Martinoli\u0107a. U studiju su gostovali u\u010denici Petra Vukovi\u0107, Katarina \u0160egota i Gabrijel Simon\u0161ek, njihove u\u010diteljice Rafaela Kuljani\u0107 ...<\/p>\n","protected":false},"author":2,"featured_media":13112,"comment_status":"closed","ping_status":"open","sticky":false,"template":"","format":"audio","meta":{"footnotes":""},"categories":[72],"tags":[],"class_list":["post-13111","post","type-post","status-publish","format-audio","has-post-thumbnail","hentry","category-vijesti","post_format-post-format-audio"],"aioseo_notices":[],"_links":{"self":[{"href":"https:\/\/radiojadranka.hr\/index.php\/wp-json\/wp\/v2\/posts\/13111","targetHints":{"allow":["GET"]}}],"collection":[{"href":"https:\/\/radiojadranka.hr\/index.php\/wp-json\/wp\/v2\/posts"}],"about":[{"href":"https:\/\/radiojadranka.hr\/index.php\/wp-json\/wp\/v2\/types\/post"}],"author":[{"embeddable":true,"href":"https:\/\/radiojadranka.hr\/index.php\/wp-json\/wp\/v2\/users\/2"}],"replies":[{"embeddable":true,"href":"https:\/\/radiojadranka.hr\/index.php\/wp-json\/wp\/v2\/comments?post=13111"}],"version-history":[{"count":2,"href":"https:\/\/radiojadranka.hr\/index.php\/wp-json\/wp\/v2\/posts\/13111\/revisions"}],"predecessor-version":[{"id":13115,"href":"https:\/\/radiojadranka.hr\/index.php\/wp-json\/wp\/v2\/posts\/13111\/revisions\/13115"}],"wp:featuredmedia":[{"embeddable":true,"href":"https:\/\/radiojadranka.hr\/index.php\/wp-json\/wp\/v2\/media\/13112"}],"wp:attachment":[{"href":"https:\/\/radiojadranka.hr\/index.php\/wp-json\/wp\/v2\/media?parent=13111"}],"wp:term":[{"taxonomy":"category","embeddable":true,"href":"https:\/\/radiojadranka.hr\/index.php\/wp-json\/wp\/v2\/categories?post=13111"},{"taxonomy":"post_tag","embeddable":true,"href":"https:\/\/radiojadranka.hr\/index.php\/wp-json\/wp\/v2\/tags?post=13111"}],"curies":[{"name":"wp","href":"https:\/\/api.w.org\/{rel}","templated":true}]}}