{"id":13093,"date":"2025-06-05T14:19:01","date_gmt":"2025-06-05T12:19:01","guid":{"rendered":"https:\/\/radiojadranka.hr\/?p=13093"},"modified":"2025-06-05T14:19:01","modified_gmt":"2025-06-05T12:19:01","slug":"osnovna-skola-maria-martinolica-osvojila-srebro-na-eko-kvizu-u-omislju-pobjednici-cresani","status":"publish","type":"post","link":"https:\/\/radiojadranka.hr\/index.php\/2025\/06\/05\/osnovna-skola-maria-martinolica-osvojila-srebro-na-eko-kvizu-u-omislju-pobjednici-cresani\/","title":{"rendered":"Osnovna \u0161kola Maria Martinoli\u0107a osvojila srebro na Eko kvizu u Omi\u0161lju, pobjednici cresani!"},"content":{"rendered":"<p><span class=\"selected\">U organizaciji &#8220;Dru\u0161tva Na\u0161a djeca&#8221; Mali Lo\u0161inj, a u suradnji s udrugom &#8220;PUT&#8221; iz Labina te osnovnim \u0161kolama Kvarnerskih otoka, danas se 24. godinu zaredom odr\u017eao Eko kviz za \u010detvrte razrede osnovne \u0161kole.<\/span><\/p>\n<p><span class=\"selected\">Na kvizu znanja o odvojenom skupljanju otpada sudjelovalo je oko 140 djece iz O\u0160 &#8220;Frane Frankopana&#8221;, O\u0160 &#8220;Mario Martinoli\u0107&#8221;, O\u0160 &#8220;Frane Petri\u0107a&#8221;, zatim O\u0160 &#8220;Ivan Rabljanin&#8221; te O\u0160 &#8220;Malinska Duba\u0161nica&#8221;, koja je ove godine i doma\u0107in, i naposljetku O\u0160 Omi\u0161alj.<\/span><\/p>\n<p><span class=\"selected\">Prvo mjesto osvojila je \u0161kola iz Cresa, O\u0160 &#8220;Frane Petri\u0107a&#8221;, kako u kvizu znanja tako i u sportskom dijelu natjecanja.<\/span><\/p>\n<p><span class=\"selected\">Na\u0161a O\u0160 &#8220;Mario Martinoli\u0107&#8221; je na drugom mjestu koje dijeli s O\u0160 Omi\u0161alj i O\u0160 &#8220;Malinska Duba\u0161nica&#8221;.<\/span><\/p>\n<div id='gallery-1' class='gallery galleryid-13093 gallery-columns-3 gallery-size-thumbnail'><figure class='gallery-item'>\n\t\t\t<div class='gallery-icon landscape'>\n\t\t\t\t<a href='https:\/\/radiojadranka.hr\/index.php\/2025\/06\/05\/osnovna-skola-maria-martinolica-osvojila-srebro-na-eko-kvizu-u-omislju-pobjednici-cresani\/img-20250605-wa0000\/'><img decoding=\"async\" width=\"150\" height=\"150\" src=\"https:\/\/radiojadranka.hr\/wp-content\/uploads\/2025\/06\/IMG-20250605-WA0000-150x150.jpg\" class=\"attachment-thumbnail size-thumbnail\" alt=\"\" srcset=\"https:\/\/radiojadranka.hr\/wp-content\/uploads\/2025\/06\/IMG-20250605-WA0000-150x150.jpg 150w, https:\/\/radiojadranka.hr\/wp-content\/uploads\/2025\/06\/IMG-20250605-WA0000-100x100.jpg 100w, https:\/\/radiojadranka.hr\/wp-content\/uploads\/2025\/06\/IMG-20250605-WA0000-370x370.jpg 370w\" sizes=\"(max-width: 150px) 100vw, 150px\" \/><\/a>\n\t\t\t<\/div><\/figure><figure class='gallery-item'>\n\t\t\t<div class='gallery-icon landscape'>\n\t\t\t\t<a href='https:\/\/radiojadranka.hr\/index.php\/2025\/06\/05\/osnovna-skola-maria-martinolica-osvojila-srebro-na-eko-kvizu-u-omislju-pobjednici-cresani\/img-20250605-wa0001\/'><img decoding=\"async\" width=\"150\" height=\"150\" src=\"https:\/\/radiojadranka.hr\/wp-content\/uploads\/2025\/06\/IMG-20250605-WA0001-150x150.jpg\" class=\"attachment-thumbnail size-thumbnail\" alt=\"\" srcset=\"https:\/\/radiojadranka.hr\/wp-content\/uploads\/2025\/06\/IMG-20250605-WA0001-150x150.jpg 150w, https:\/\/radiojadranka.hr\/wp-content\/uploads\/2025\/06\/IMG-20250605-WA0001-100x100.jpg 100w, https:\/\/radiojadranka.hr\/wp-content\/uploads\/2025\/06\/IMG-20250605-WA0001-370x370.jpg 370w\" sizes=\"(max-width: 150px) 100vw, 150px\" \/><\/a>\n\t\t\t<\/div><\/figure><figure class='gallery-item'>\n\t\t\t<div class='gallery-icon landscape'>\n\t\t\t\t<a href='https:\/\/radiojadranka.hr\/index.php\/2025\/06\/05\/osnovna-skola-maria-martinolica-osvojila-srebro-na-eko-kvizu-u-omislju-pobjednici-cresani\/img-20250605-wa0002\/'><img decoding=\"async\" width=\"150\" height=\"150\" src=\"https:\/\/radiojadranka.hr\/wp-content\/uploads\/2025\/06\/IMG-20250605-WA0002-150x150.jpg\" class=\"attachment-thumbnail size-thumbnail\" alt=\"\" srcset=\"https:\/\/radiojadranka.hr\/wp-content\/uploads\/2025\/06\/IMG-20250605-WA0002-150x150.jpg 150w, https:\/\/radiojadranka.hr\/wp-content\/uploads\/2025\/06\/IMG-20250605-WA0002-100x100.jpg 100w, https:\/\/radiojadranka.hr\/wp-content\/uploads\/2025\/06\/IMG-20250605-WA0002-370x370.jpg 370w\" sizes=\"(max-width: 150px) 100vw, 150px\" \/><\/a>\n\t\t\t<\/div><\/figure><figure class='gallery-item'>\n\t\t\t<div class='gallery-icon landscape'>\n\t\t\t\t<a href='https:\/\/radiojadranka.hr\/index.php\/2025\/06\/05\/osnovna-skola-maria-martinolica-osvojila-srebro-na-eko-kvizu-u-omislju-pobjednici-cresani\/img-20250605-wa0003\/'><img loading=\"lazy\" decoding=\"async\" width=\"150\" height=\"150\" src=\"https:\/\/radiojadranka.hr\/wp-content\/uploads\/2025\/06\/IMG-20250605-WA0003-150x150.jpg\" class=\"attachment-thumbnail size-thumbnail\" alt=\"\" srcset=\"https:\/\/radiojadranka.hr\/wp-content\/uploads\/2025\/06\/IMG-20250605-WA0003-150x150.jpg 150w, https:\/\/radiojadranka.hr\/wp-content\/uploads\/2025\/06\/IMG-20250605-WA0003-100x100.jpg 100w, https:\/\/radiojadranka.hr\/wp-content\/uploads\/2025\/06\/IMG-20250605-WA0003-370x370.jpg 370w\" sizes=\"(max-width: 150px) 100vw, 150px\" \/><\/a>\n\t\t\t<\/div><\/figure><figure class='gallery-item'>\n\t\t\t<div class='gallery-icon landscape'>\n\t\t\t\t<a href='https:\/\/radiojadranka.hr\/index.php\/2025\/06\/05\/osnovna-skola-maria-martinolica-osvojila-srebro-na-eko-kvizu-u-omislju-pobjednici-cresani\/img-20250605-wa0004\/'><img loading=\"lazy\" decoding=\"async\" width=\"150\" height=\"150\" src=\"https:\/\/radiojadranka.hr\/wp-content\/uploads\/2025\/06\/IMG-20250605-WA0004-150x150.jpg\" class=\"attachment-thumbnail size-thumbnail\" alt=\"\" srcset=\"https:\/\/radiojadranka.hr\/wp-content\/uploads\/2025\/06\/IMG-20250605-WA0004-150x150.jpg 150w, https:\/\/radiojadranka.hr\/wp-content\/uploads\/2025\/06\/IMG-20250605-WA0004-100x100.jpg 100w, https:\/\/radiojadranka.hr\/wp-content\/uploads\/2025\/06\/IMG-20250605-WA0004-370x370.jpg 370w\" sizes=\"(max-width: 150px) 100vw, 150px\" \/><\/a>\n\t\t\t<\/div><\/figure><figure class='gallery-item'>\n\t\t\t<div class='gallery-icon landscape'>\n\t\t\t\t<a href='https:\/\/radiojadranka.hr\/index.php\/2025\/06\/05\/osnovna-skola-maria-martinolica-osvojila-srebro-na-eko-kvizu-u-omislju-pobjednici-cresani\/img-20250605-wa0005\/'><img loading=\"lazy\" decoding=\"async\" width=\"150\" height=\"150\" src=\"https:\/\/radiojadranka.hr\/wp-content\/uploads\/2025\/06\/IMG-20250605-WA0005-150x150.jpg\" class=\"attachment-thumbnail size-thumbnail\" alt=\"\" srcset=\"https:\/\/radiojadranka.hr\/wp-content\/uploads\/2025\/06\/IMG-20250605-WA0005-150x150.jpg 150w, https:\/\/radiojadranka.hr\/wp-content\/uploads\/2025\/06\/IMG-20250605-WA0005-100x100.jpg 100w, https:\/\/radiojadranka.hr\/wp-content\/uploads\/2025\/06\/IMG-20250605-WA0005-370x370.jpg 370w\" sizes=\"(max-width: 150px) 100vw, 150px\" \/><\/a>\n\t\t\t<\/div><\/figure><figure class='gallery-item'>\n\t\t\t<div class='gallery-icon landscape'>\n\t\t\t\t<a href='https:\/\/radiojadranka.hr\/index.php\/2025\/06\/05\/osnovna-skola-maria-martinolica-osvojila-srebro-na-eko-kvizu-u-omislju-pobjednici-cresani\/img-20250605-wa0006\/'><img loading=\"lazy\" decoding=\"async\" width=\"150\" height=\"150\" src=\"https:\/\/radiojadranka.hr\/wp-content\/uploads\/2025\/06\/IMG-20250605-WA0006-150x150.jpg\" class=\"attachment-thumbnail size-thumbnail\" alt=\"\" srcset=\"https:\/\/radiojadranka.hr\/wp-content\/uploads\/2025\/06\/IMG-20250605-WA0006-150x150.jpg 150w, https:\/\/radiojadranka.hr\/wp-content\/uploads\/2025\/06\/IMG-20250605-WA0006-100x100.jpg 100w, https:\/\/radiojadranka.hr\/wp-content\/uploads\/2025\/06\/IMG-20250605-WA0006-370x370.jpg 370w\" sizes=\"(max-width: 150px) 100vw, 150px\" \/><\/a>\n\t\t\t<\/div><\/figure><figure class='gallery-item'>\n\t\t\t<div class='gallery-icon landscape'>\n\t\t\t\t<a href='https:\/\/radiojadranka.hr\/index.php\/2025\/06\/05\/osnovna-skola-maria-martinolica-osvojila-srebro-na-eko-kvizu-u-omislju-pobjednici-cresani\/img-20250605-wa0007\/'><img loading=\"lazy\" decoding=\"async\" width=\"150\" height=\"150\" src=\"https:\/\/radiojadranka.hr\/wp-content\/uploads\/2025\/06\/IMG-20250605-WA0007-150x150.jpg\" class=\"attachment-thumbnail size-thumbnail\" alt=\"\" srcset=\"https:\/\/radiojadranka.hr\/wp-content\/uploads\/2025\/06\/IMG-20250605-WA0007-150x150.jpg 150w, https:\/\/radiojadranka.hr\/wp-content\/uploads\/2025\/06\/IMG-20250605-WA0007-100x100.jpg 100w, https:\/\/radiojadranka.hr\/wp-content\/uploads\/2025\/06\/IMG-20250605-WA0007-370x370.jpg 370w\" sizes=\"(max-width: 150px) 100vw, 150px\" \/><\/a>\n\t\t\t<\/div><\/figure><figure class='gallery-item'>\n\t\t\t<div class='gallery-icon landscape'>\n\t\t\t\t<a href='https:\/\/radiojadranka.hr\/index.php\/2025\/06\/05\/osnovna-skola-maria-martinolica-osvojila-srebro-na-eko-kvizu-u-omislju-pobjednici-cresani\/img-20250605-wa0008\/'><img loading=\"lazy\" decoding=\"async\" width=\"150\" height=\"150\" src=\"https:\/\/radiojadranka.hr\/wp-content\/uploads\/2025\/06\/IMG-20250605-WA0008-150x150.jpg\" class=\"attachment-thumbnail size-thumbnail\" alt=\"\" srcset=\"https:\/\/radiojadranka.hr\/wp-content\/uploads\/2025\/06\/IMG-20250605-WA0008-150x150.jpg 150w, https:\/\/radiojadranka.hr\/wp-content\/uploads\/2025\/06\/IMG-20250605-WA0008-100x100.jpg 100w, https:\/\/radiojadranka.hr\/wp-content\/uploads\/2025\/06\/IMG-20250605-WA0008-370x370.jpg 370w\" sizes=\"(max-width: 150px) 100vw, 150px\" \/><\/a>\n\t\t\t<\/div><\/figure>\n\t\t<\/div>\n\n","protected":false},"excerpt":{"rendered":"<p>U organizaciji &#8220;Dru\u0161tva Na\u0161a djeca&#8221; Mali Lo\u0161inj, a u suradnji s udrugom &#8220;PUT&#8221; iz Labina te osnovnim \u0161kolama Kvarnerskih otoka, danas se 24. godinu zaredom odr\u017eao Eko kviz za \u010detvrte razrede osnovne \u0161kole. Na kvizu znanja o odvojenom skupljanju otpada sudjelovalo je oko 140 djece iz O\u0160 &#8220;Frane Frankopana&#8221;, O\u0160 ...<\/p>\n","protected":false},"author":2,"featured_media":13094,"comment_status":"closed","ping_status":"open","sticky":false,"template":"","format":"audio","meta":{"footnotes":""},"categories":[72],"tags":[],"class_list":["post-13093","post","type-post","status-publish","format-audio","has-post-thumbnail","hentry","category-vijesti","post_format-post-format-audio"],"aioseo_notices":[],"_links":{"self":[{"href":"https:\/\/radiojadranka.hr\/index.php\/wp-json\/wp\/v2\/posts\/13093","targetHints":{"allow":["GET"]}}],"collection":[{"href":"https:\/\/radiojadranka.hr\/index.php\/wp-json\/wp\/v2\/posts"}],"about":[{"href":"https:\/\/radiojadranka.hr\/index.php\/wp-json\/wp\/v2\/types\/post"}],"author":[{"embeddable":true,"href":"https:\/\/radiojadranka.hr\/index.php\/wp-json\/wp\/v2\/users\/2"}],"replies":[{"embeddable":true,"href":"https:\/\/radiojadranka.hr\/index.php\/wp-json\/wp\/v2\/comments?post=13093"}],"version-history":[{"count":1,"href":"https:\/\/radiojadranka.hr\/index.php\/wp-json\/wp\/v2\/posts\/13093\/revisions"}],"predecessor-version":[{"id":13103,"href":"https:\/\/radiojadranka.hr\/index.php\/wp-json\/wp\/v2\/posts\/13093\/revisions\/13103"}],"wp:featuredmedia":[{"embeddable":true,"href":"https:\/\/radiojadranka.hr\/index.php\/wp-json\/wp\/v2\/media\/13094"}],"wp:attachment":[{"href":"https:\/\/radiojadranka.hr\/index.php\/wp-json\/wp\/v2\/media?parent=13093"}],"wp:term":[{"taxonomy":"category","embeddable":true,"href":"https:\/\/radiojadranka.hr\/index.php\/wp-json\/wp\/v2\/categories?post=13093"},{"taxonomy":"post_tag","embeddable":true,"href":"https:\/\/radiojadranka.hr\/index.php\/wp-json\/wp\/v2\/tags?post=13093"}],"curies":[{"name":"wp","href":"https:\/\/api.w.org\/{rel}","templated":true}]}}