{"id":13089,"date":"2025-06-05T13:30:06","date_gmt":"2025-06-05T11:30:06","guid":{"rendered":"https:\/\/radiojadranka.hr\/?p=13089"},"modified":"2025-06-05T13:30:06","modified_gmt":"2025-06-05T11:30:06","slug":"45-godisnjica-javne-vatrogasne-postrojbe-mali-losinj","status":"publish","type":"post","link":"https:\/\/radiojadranka.hr\/index.php\/2025\/06\/05\/45-godisnjica-javne-vatrogasne-postrojbe-mali-losinj\/","title":{"rendered":"45. godi\u0161njica Javne vatrogasne postrojbe Mali Lo\u0161inj!"},"content":{"rendered":"<p>Sutra \u0107e se sve\u010dano obilje\u017eiti 45. godi\u0161njica osnutka Javne vatrogasne postrojbe Mali Lo\u0161inj! Sve\u010danost je najavio zapovjednik Marin Br\u010di\u0107!<\/p>\n<p><iframe title=\"050625 Marin Brcic\" width=\"100%\" height=\"120\" src=\"https:\/\/www.mixcloud.com\/widget\/iframe\/?feed=https%3A%2F%2Fwww.mixcloud.com%2Fradio_jadranka%2F050625-marin-brcic%2F&amp;hide_cover=1\" frameborder=\"0\" allow=\"encrypted-media; fullscreen; autoplay; idle-detection; speaker-selection; web-share;\"><\/iframe><\/p>\n","protected":false},"excerpt":{"rendered":"<p>Sutra \u0107e se sve\u010dano obilje\u017eiti 45. godi\u0161njica osnutka Javne vatrogasne postrojbe Mali Lo\u0161inj! Sve\u010danost je najavio zapovjednik Marin Br\u010di\u0107!<\/p>\n","protected":false},"author":2,"featured_media":12683,"comment_status":"closed","ping_status":"open","sticky":false,"template":"","format":"audio","meta":{"footnotes":""},"categories":[72],"tags":[],"class_list":["post-13089","post","type-post","status-publish","format-audio","has-post-thumbnail","hentry","category-vijesti","post_format-post-format-audio"],"aioseo_notices":[],"_links":{"self":[{"href":"https:\/\/radiojadranka.hr\/index.php\/wp-json\/wp\/v2\/posts\/13089","targetHints":{"allow":["GET"]}}],"collection":[{"href":"https:\/\/radiojadranka.hr\/index.php\/wp-json\/wp\/v2\/posts"}],"about":[{"href":"https:\/\/radiojadranka.hr\/index.php\/wp-json\/wp\/v2\/types\/post"}],"author":[{"embeddable":true,"href":"https:\/\/radiojadranka.hr\/index.php\/wp-json\/wp\/v2\/users\/2"}],"replies":[{"embeddable":true,"href":"https:\/\/radiojadranka.hr\/index.php\/wp-json\/wp\/v2\/comments?post=13089"}],"version-history":[{"count":1,"href":"https:\/\/radiojadranka.hr\/index.php\/wp-json\/wp\/v2\/posts\/13089\/revisions"}],"predecessor-version":[{"id":13090,"href":"https:\/\/radiojadranka.hr\/index.php\/wp-json\/wp\/v2\/posts\/13089\/revisions\/13090"}],"wp:featuredmedia":[{"embeddable":true,"href":"https:\/\/radiojadranka.hr\/index.php\/wp-json\/wp\/v2\/media\/12683"}],"wp:attachment":[{"href":"https:\/\/radiojadranka.hr\/index.php\/wp-json\/wp\/v2\/media?parent=13089"}],"wp:term":[{"taxonomy":"category","embeddable":true,"href":"https:\/\/radiojadranka.hr\/index.php\/wp-json\/wp\/v2\/categories?post=13089"},{"taxonomy":"post_tag","embeddable":true,"href":"https:\/\/radiojadranka.hr\/index.php\/wp-json\/wp\/v2\/tags?post=13089"}],"curies":[{"name":"wp","href":"https:\/\/api.w.org\/{rel}","templated":true}]}}