{"id":13068,"date":"2025-06-02T15:16:08","date_gmt":"2025-06-02T13:16:08","guid":{"rendered":"https:\/\/radiojadranka.hr\/?p=13068"},"modified":"2025-06-02T15:21:20","modified_gmt":"2025-06-02T13:21:20","slug":"25-520-glasa-za-ugostiteljski-sto-se-ocekuje-i-planira-sa-sredstvimaaavv","status":"publish","type":"post","link":"https:\/\/radiojadranka.hr\/index.php\/2025\/06\/02\/25-520-glasa-za-ugostiteljski-sto-se-ocekuje-i-planira-sa-sredstvimaaavv\/","title":{"rendered":"25 520 glasova za ugostiteljski kabinet, \u0161to se o\u010dekuje i planira sa sredstvima!"},"content":{"rendered":"<p>U proteklom periodu, a pogotovo zadnjih par dana, cijela na\u0161a zajednica aktivirala se oko nagradne igre Podravke, natje\u010daju za opremu ugostiteljskog praktikuma.<\/p>\n<p>Na glasanje se pozivalo putem dru\u0161tvenih mre\u017ea, kroz razne grupe, privatne poruke, anga\u017eirale su se poznate osobe da zavrte storye, slali su se mailovi u lokalnim tvrtkama, objavljivale motivacijske poruke s osobnih profila, u jednom trenutku se i sru\u0161io podravkin sustav. Pa ba\u0161 i kako su iz \u0161kole poru\u010dili duh zajedni\u0161tva koji je zahvatio sve nas za dobrobit na\u0161e \u0161kole i na\u0161e djece nema cijene.<\/p>\n<p>Tijesna bitka za prvo mjesto vodila se izme\u0111u na\u0161e s\u0161 Ambroza Hara\u010di\u0107a i S\u0160 s Kor\u010dule Petra \u0160egedina. U doslovno fotofinisu ipak smo zauzeli drugo mjesto me\u0111utim, nagrada se dijeli za prve tri \u0161kole, tako da \u0107e svi oni koji \u0107e praktikum koristiti biti sigurno zadovoljni.<\/p>\n<p>Evo \u0161to su nam rekli Profesor Boris Ad\u017ei\u0107, Katarina Begi\u0107, Gala Mate\u0161i\u0107, Edin Cviji\u0107 i \u010dasna sestra Ru\u017eica Dodig&#8230;.<\/p>\n<p><iframe title=\"020625 Srednja Skola Podravka Natjecaj Ucenici I Profesori\" width=\"100%\" height=\"120\" src=\"https:\/\/www.mixcloud.com\/widget\/iframe\/?feed=https%3A%2F%2Fwww.mixcloud.com%2Fradio_jadranka%2F020625-srednja-skola-podravka-natjecaj-ucenici-i-profesori%2F&amp;hide_cover=1\" frameborder=\"0\" allow=\"encrypted-media; fullscreen; autoplay; idle-detection; speaker-selection; web-share;\"><\/iframe><\/p>\n<div id='gallery-1' class='gallery galleryid-13068 gallery-columns-3 gallery-size-thumbnail'><figure class='gallery-item'>\n\t\t\t<div class='gallery-icon landscape'>\n\t\t\t\t<a href='https:\/\/radiojadranka.hr\/index.php\/2025\/04\/24\/kronika-dana-potpisani-ugovori-za-vatrogasni-dom-i-skolsku-dvoranu\/img20250424101348-1\/'><img decoding=\"async\" width=\"150\" height=\"150\" src=\"https:\/\/radiojadranka.hr\/wp-content\/uploads\/2025\/04\/IMG20250424101348-1-150x150.jpg\" class=\"attachment-thumbnail size-thumbnail\" alt=\"\" srcset=\"https:\/\/radiojadranka.hr\/wp-content\/uploads\/2025\/04\/IMG20250424101348-1-150x150.jpg 150w, https:\/\/radiojadranka.hr\/wp-content\/uploads\/2025\/04\/IMG20250424101348-1-100x100.jpg 100w, https:\/\/radiojadranka.hr\/wp-content\/uploads\/2025\/04\/IMG20250424101348-1-370x370.jpg 370w\" sizes=\"(max-width: 150px) 100vw, 150px\" \/><\/a>\n\t\t\t<\/div><\/figure><figure class='gallery-item'>\n\t\t\t<div class='gallery-icon portrait'>\n\t\t\t\t<a href='https:\/\/radiojadranka.hr\/index.php\/2025\/04\/24\/kronika-dana-potpisani-ugovori-za-vatrogasni-dom-i-skolsku-dvoranu\/img20250424103652-1\/'><img decoding=\"async\" width=\"150\" height=\"150\" src=\"https:\/\/radiojadranka.hr\/wp-content\/uploads\/2025\/04\/IMG20250424103652-1-150x150.jpg\" class=\"attachment-thumbnail size-thumbnail\" alt=\"\" srcset=\"https:\/\/radiojadranka.hr\/wp-content\/uploads\/2025\/04\/IMG20250424103652-1-150x150.jpg 150w, https:\/\/radiojadranka.hr\/wp-content\/uploads\/2025\/04\/IMG20250424103652-1-100x100.jpg 100w, https:\/\/radiojadranka.hr\/wp-content\/uploads\/2025\/04\/IMG20250424103652-1-370x370.jpg 370w\" sizes=\"(max-width: 150px) 100vw, 150px\" \/><\/a>\n\t\t\t<\/div><\/figure><figure class='gallery-item'>\n\t\t\t<div class='gallery-icon landscape'>\n\t\t\t\t<a href='https:\/\/radiojadranka.hr\/index.php\/2025\/04\/24\/kronika-dana-potpisani-ugovori-za-vatrogasni-dom-i-skolsku-dvoranu\/img20250424101436-1\/'><img decoding=\"async\" width=\"150\" height=\"150\" src=\"https:\/\/radiojadranka.hr\/wp-content\/uploads\/2025\/04\/IMG20250424101436-1-150x150.jpg\" class=\"attachment-thumbnail size-thumbnail\" alt=\"\" srcset=\"https:\/\/radiojadranka.hr\/wp-content\/uploads\/2025\/04\/IMG20250424101436-1-150x150.jpg 150w, https:\/\/radiojadranka.hr\/wp-content\/uploads\/2025\/04\/IMG20250424101436-1-100x100.jpg 100w, https:\/\/radiojadranka.hr\/wp-content\/uploads\/2025\/04\/IMG20250424101436-1-370x370.jpg 370w\" sizes=\"(max-width: 150px) 100vw, 150px\" \/><\/a>\n\t\t\t<\/div><\/figure><figure class='gallery-item'>\n\t\t\t<div class='gallery-icon landscape'>\n\t\t\t\t<a href='https:\/\/radiojadranka.hr\/index.php\/2025\/04\/24\/kronika-dana-potpisani-ugovori-za-vatrogasni-dom-i-skolsku-dvoranu\/img20250424101330-1\/'><img loading=\"lazy\" decoding=\"async\" width=\"150\" height=\"150\" src=\"https:\/\/radiojadranka.hr\/wp-content\/uploads\/2025\/04\/IMG20250424101330-1-150x150.jpg\" class=\"attachment-thumbnail size-thumbnail\" alt=\"\" srcset=\"https:\/\/radiojadranka.hr\/wp-content\/uploads\/2025\/04\/IMG20250424101330-1-150x150.jpg 150w, https:\/\/radiojadranka.hr\/wp-content\/uploads\/2025\/04\/IMG20250424101330-1-100x100.jpg 100w, https:\/\/radiojadranka.hr\/wp-content\/uploads\/2025\/04\/IMG20250424101330-1-370x370.jpg 370w\" sizes=\"(max-width: 150px) 100vw, 150px\" \/><\/a>\n\t\t\t<\/div><\/figure><figure class='gallery-item'>\n\t\t\t<div class='gallery-icon landscape'>\n\t\t\t\t<a href='https:\/\/radiojadranka.hr\/index.php\/2025\/04\/24\/kronika-dana-potpisani-ugovori-za-vatrogasni-dom-i-skolsku-dvoranu\/img20250424103639-1\/'><img loading=\"lazy\" decoding=\"async\" width=\"150\" height=\"150\" src=\"https:\/\/radiojadranka.hr\/wp-content\/uploads\/2025\/04\/IMG20250424103639-1-150x150.jpg\" class=\"attachment-thumbnail size-thumbnail\" alt=\"\" srcset=\"https:\/\/radiojadranka.hr\/wp-content\/uploads\/2025\/04\/IMG20250424103639-1-150x150.jpg 150w, https:\/\/radiojadranka.hr\/wp-content\/uploads\/2025\/04\/IMG20250424103639-1-100x100.jpg 100w, https:\/\/radiojadranka.hr\/wp-content\/uploads\/2025\/04\/IMG20250424103639-1-370x370.jpg 370w\" sizes=\"(max-width: 150px) 100vw, 150px\" \/><\/a>\n\t\t\t<\/div><\/figure><figure class='gallery-item'>\n\t\t\t<div class='gallery-icon portrait'>\n\t\t\t\t<a href='https:\/\/radiojadranka.hr\/index.php\/2025\/04\/24\/kronika-dana-potpisani-ugovori-za-vatrogasni-dom-i-skolsku-dvoranu\/img20250424103908-1\/'><img loading=\"lazy\" decoding=\"async\" width=\"150\" height=\"150\" src=\"https:\/\/radiojadranka.hr\/wp-content\/uploads\/2025\/04\/IMG20250424103908-1-150x150.jpg\" class=\"attachment-thumbnail size-thumbnail\" alt=\"\" srcset=\"https:\/\/radiojadranka.hr\/wp-content\/uploads\/2025\/04\/IMG20250424103908-1-150x150.jpg 150w, https:\/\/radiojadranka.hr\/wp-content\/uploads\/2025\/04\/IMG20250424103908-1-100x100.jpg 100w, https:\/\/radiojadranka.hr\/wp-content\/uploads\/2025\/04\/IMG20250424103908-1-370x370.jpg 370w\" sizes=\"(max-width: 150px) 100vw, 150px\" \/><\/a>\n\t\t\t<\/div><\/figure>\n\t\t<\/div>\n\n","protected":false},"excerpt":{"rendered":"<p>U proteklom periodu, a pogotovo zadnjih par dana, cijela na\u0161a zajednica aktivirala se oko nagradne igre Podravke, natje\u010daju za opremu ugostiteljskog praktikuma. Na glasanje se pozivalo putem dru\u0161tvenih mre\u017ea, kroz razne grupe, privatne poruke, anga\u017eirale su se poznate osobe da zavrte storye, slali su se mailovi u lokalnim tvrtkama, objavljivale ...<\/p>\n","protected":false},"author":2,"featured_media":12724,"comment_status":"closed","ping_status":"open","sticky":false,"template":"","format":"audio","meta":{"footnotes":""},"categories":[72],"tags":[],"class_list":["post-13068","post","type-post","status-publish","format-audio","has-post-thumbnail","hentry","category-vijesti","post_format-post-format-audio"],"aioseo_notices":[],"_links":{"self":[{"href":"https:\/\/radiojadranka.hr\/index.php\/wp-json\/wp\/v2\/posts\/13068","targetHints":{"allow":["GET"]}}],"collection":[{"href":"https:\/\/radiojadranka.hr\/index.php\/wp-json\/wp\/v2\/posts"}],"about":[{"href":"https:\/\/radiojadranka.hr\/index.php\/wp-json\/wp\/v2\/types\/post"}],"author":[{"embeddable":true,"href":"https:\/\/radiojadranka.hr\/index.php\/wp-json\/wp\/v2\/users\/2"}],"replies":[{"embeddable":true,"href":"https:\/\/radiojadranka.hr\/index.php\/wp-json\/wp\/v2\/comments?post=13068"}],"version-history":[{"count":5,"href":"https:\/\/radiojadranka.hr\/index.php\/wp-json\/wp\/v2\/posts\/13068\/revisions"}],"predecessor-version":[{"id":13073,"href":"https:\/\/radiojadranka.hr\/index.php\/wp-json\/wp\/v2\/posts\/13068\/revisions\/13073"}],"wp:featuredmedia":[{"embeddable":true,"href":"https:\/\/radiojadranka.hr\/index.php\/wp-json\/wp\/v2\/media\/12724"}],"wp:attachment":[{"href":"https:\/\/radiojadranka.hr\/index.php\/wp-json\/wp\/v2\/media?parent=13068"}],"wp:term":[{"taxonomy":"category","embeddable":true,"href":"https:\/\/radiojadranka.hr\/index.php\/wp-json\/wp\/v2\/categories?post=13068"},{"taxonomy":"post_tag","embeddable":true,"href":"https:\/\/radiojadranka.hr\/index.php\/wp-json\/wp\/v2\/tags?post=13068"}],"curies":[{"name":"wp","href":"https:\/\/api.w.org\/{rel}","templated":true}]}}