{"id":13065,"date":"2025-06-02T12:06:13","date_gmt":"2025-06-02T10:06:13","guid":{"rendered":"https:\/\/radiojadranka.hr\/?p=13065"},"modified":"2025-06-02T12:06:42","modified_gmt":"2025-06-02T10:06:42","slug":"ana-kucic-nastavlja-na-mjestu-gradonacelnice","status":"publish","type":"post","link":"https:\/\/radiojadranka.hr\/index.php\/2025\/06\/02\/ana-kucic-nastavlja-na-mjestu-gradonacelnice\/","title":{"rendered":"Ana Ku\u010di\u0107 nastavlja na mjestu gradona\u010delnice!"},"content":{"rendered":"<p><strong>Nakon drugog odr\u017eanog krug glasanja za izvr\u0161no tijelo grada Malog Lo\u0161inja, Ana Ku\u010di\u0107 osvojila je 2024 glasa dok je protukandidat Mario Frankovi\u0107 osvojio 1563 glasa.\u00a0 \u017dupan Primorsko \u2013 goranske \u017eupanije bit \u0107e Ivica Lukanovi\u0107, koji je na podru\u010dju grada Malog Lo\u0161inja osvojio 2001 glas, dok je Alen Ru\u017ei\u0107 osvojio 1525 glasa. Na podru\u010dju \u017eupanije Lukanovi\u0107 je osvojio 38 052 glasa, dok je Alen Ru\u017ei\u0107 osvojio pet tisu\u0107a glasova manje!<\/strong><\/p>\n<p><iframe title=\"020625 Vijesti 9 Sati Live\" width=\"100%\" height=\"120\" src=\"https:\/\/www.mixcloud.com\/widget\/iframe\/?feed=https%3A%2F%2Fwww.mixcloud.com%2Fradio_jadranka%2F020625-vijesti-9-sati-live%2F&amp;hide_cover=1\" frameborder=\"0\" allow=\"encrypted-media; fullscreen; autoplay; idle-detection; speaker-selection; web-share;\"><\/iframe><\/p>\n<p><img fetchpriority=\"high\" decoding=\"async\" class=\"alignnone size-medium wp-image-13066\" src=\"https:\/\/radiojadranka.hr\/wp-content\/uploads\/2025\/06\/IMG-20250601-WA0015-770x578.jpg\" alt=\"\" width=\"770\" height=\"578\" srcset=\"https:\/\/radiojadranka.hr\/wp-content\/uploads\/2025\/06\/IMG-20250601-WA0015-770x578.jpg 770w, https:\/\/radiojadranka.hr\/wp-content\/uploads\/2025\/06\/IMG-20250601-WA0015-1170x878.jpg 1170w, https:\/\/radiojadranka.hr\/wp-content\/uploads\/2025\/06\/IMG-20250601-WA0015-768x576.jpg 768w, https:\/\/radiojadranka.hr\/wp-content\/uploads\/2025\/06\/IMG-20250601-WA0015-1536x1152.jpg 1536w, https:\/\/radiojadranka.hr\/wp-content\/uploads\/2025\/06\/IMG-20250601-WA0015.jpg 1600w\" sizes=\"(max-width: 770px) 100vw, 770px\" \/><\/p>\n","protected":false},"excerpt":{"rendered":"<p>Nakon drugog odr\u017eanog krug glasanja za izvr\u0161no tijelo grada Malog Lo\u0161inja, Ana Ku\u010di\u0107 osvojila je 2024 glasa dok je protukandidat Mario Frankovi\u0107 osvojio 1563 glasa.\u00a0 \u017dupan Primorsko \u2013 goranske \u017eupanije bit \u0107e Ivica Lukanovi\u0107, koji je na podru\u010dju grada Malog Lo\u0161inja osvojio 2001 glas, dok je Alen Ru\u017ei\u0107 osvojio 1525 ...<\/p>\n","protected":false},"author":2,"featured_media":13066,"comment_status":"closed","ping_status":"open","sticky":false,"template":"","format":"audio","meta":{"footnotes":""},"categories":[72],"tags":[],"class_list":["post-13065","post","type-post","status-publish","format-audio","has-post-thumbnail","hentry","category-vijesti","post_format-post-format-audio"],"aioseo_notices":[],"_links":{"self":[{"href":"https:\/\/radiojadranka.hr\/index.php\/wp-json\/wp\/v2\/posts\/13065","targetHints":{"allow":["GET"]}}],"collection":[{"href":"https:\/\/radiojadranka.hr\/index.php\/wp-json\/wp\/v2\/posts"}],"about":[{"href":"https:\/\/radiojadranka.hr\/index.php\/wp-json\/wp\/v2\/types\/post"}],"author":[{"embeddable":true,"href":"https:\/\/radiojadranka.hr\/index.php\/wp-json\/wp\/v2\/users\/2"}],"replies":[{"embeddable":true,"href":"https:\/\/radiojadranka.hr\/index.php\/wp-json\/wp\/v2\/comments?post=13065"}],"version-history":[{"count":1,"href":"https:\/\/radiojadranka.hr\/index.php\/wp-json\/wp\/v2\/posts\/13065\/revisions"}],"predecessor-version":[{"id":13067,"href":"https:\/\/radiojadranka.hr\/index.php\/wp-json\/wp\/v2\/posts\/13065\/revisions\/13067"}],"wp:featuredmedia":[{"embeddable":true,"href":"https:\/\/radiojadranka.hr\/index.php\/wp-json\/wp\/v2\/media\/13066"}],"wp:attachment":[{"href":"https:\/\/radiojadranka.hr\/index.php\/wp-json\/wp\/v2\/media?parent=13065"}],"wp:term":[{"taxonomy":"category","embeddable":true,"href":"https:\/\/radiojadranka.hr\/index.php\/wp-json\/wp\/v2\/categories?post=13065"},{"taxonomy":"post_tag","embeddable":true,"href":"https:\/\/radiojadranka.hr\/index.php\/wp-json\/wp\/v2\/tags?post=13065"}],"curies":[{"name":"wp","href":"https:\/\/api.w.org\/{rel}","templated":true}]}}