{"id":13059,"date":"2025-06-01T00:34:09","date_gmt":"2025-05-31T22:34:09","guid":{"rendered":"https:\/\/radiojadranka.hr\/?p=13059"},"modified":"2025-05-31T22:34:38","modified_gmt":"2025-05-31T20:34:38","slug":"danas-slavimo-svetog-gaudencija-sveca-naseg-kraja","status":"publish","type":"post","link":"https:\/\/radiojadranka.hr\/index.php\/2025\/06\/01\/danas-slavimo-svetog-gaudencija-sveca-naseg-kraja\/","title":{"rendered":"Danas slavimo Svetog Gaudencija, sveca na\u0161eg kraja!"},"content":{"rendered":"<p>Sveti Gaudencije, ro\u0111en na na\u0161em otoku, na Tr\u017ei\u0107u, Osorski biskup. Osor slavi svog za\u0161titnika i sveca!<\/p>\n<p>Pogledajte prekrasan video o Osoru i svetom Gaudenciju! Na\u017ealost u videu iz 2012. mno\u0161tvo dragih prijatelja koji vi\u0161e nisu s nama!<\/p>\n<p><iframe title=\"Sveti Gaudencije\" width=\"1170\" height=\"878\" src=\"https:\/\/www.youtube.com\/embed\/pkdnTBfe1aU?feature=oembed\" frameborder=\"0\" allow=\"accelerometer; autoplay; clipboard-write; encrypted-media; gyroscope; picture-in-picture; web-share\" referrerpolicy=\"strict-origin-when-cross-origin\" allowfullscreen><\/iframe><\/p>\n","protected":false},"excerpt":{"rendered":"<p>Sveti Gaudencije, ro\u0111en na na\u0161em otoku, na Tr\u017ei\u0107u, Osorski biskup. Osor slavi svog za\u0161titnika i sveca! Pogledajte prekrasan video o Osoru i svetom Gaudenciju! Na\u017ealost u videu iz 2012. mno\u0161tvo dragih prijatelja koji vi\u0161e nisu s nama!<\/p>\n","protected":false},"author":2,"featured_media":13060,"comment_status":"closed","ping_status":"open","sticky":false,"template":"","format":"audio","meta":{"footnotes":""},"categories":[72],"tags":[],"class_list":["post-13059","post","type-post","status-publish","format-audio","has-post-thumbnail","hentry","category-vijesti","post_format-post-format-audio"],"aioseo_notices":[],"_links":{"self":[{"href":"https:\/\/radiojadranka.hr\/index.php\/wp-json\/wp\/v2\/posts\/13059","targetHints":{"allow":["GET"]}}],"collection":[{"href":"https:\/\/radiojadranka.hr\/index.php\/wp-json\/wp\/v2\/posts"}],"about":[{"href":"https:\/\/radiojadranka.hr\/index.php\/wp-json\/wp\/v2\/types\/post"}],"author":[{"embeddable":true,"href":"https:\/\/radiojadranka.hr\/index.php\/wp-json\/wp\/v2\/users\/2"}],"replies":[{"embeddable":true,"href":"https:\/\/radiojadranka.hr\/index.php\/wp-json\/wp\/v2\/comments?post=13059"}],"version-history":[{"count":1,"href":"https:\/\/radiojadranka.hr\/index.php\/wp-json\/wp\/v2\/posts\/13059\/revisions"}],"predecessor-version":[{"id":13061,"href":"https:\/\/radiojadranka.hr\/index.php\/wp-json\/wp\/v2\/posts\/13059\/revisions\/13061"}],"wp:featuredmedia":[{"embeddable":true,"href":"https:\/\/radiojadranka.hr\/index.php\/wp-json\/wp\/v2\/media\/13060"}],"wp:attachment":[{"href":"https:\/\/radiojadranka.hr\/index.php\/wp-json\/wp\/v2\/media?parent=13059"}],"wp:term":[{"taxonomy":"category","embeddable":true,"href":"https:\/\/radiojadranka.hr\/index.php\/wp-json\/wp\/v2\/categories?post=13059"},{"taxonomy":"post_tag","embeddable":true,"href":"https:\/\/radiojadranka.hr\/index.php\/wp-json\/wp\/v2\/tags?post=13059"}],"curies":[{"name":"wp","href":"https:\/\/api.w.org\/{rel}","templated":true}]}}