{"id":13056,"date":"2025-05-28T15:00:58","date_gmt":"2025-05-28T13:00:58","guid":{"rendered":"https:\/\/radiojadranka.hr\/?p=13056"},"modified":"2025-05-28T15:02:03","modified_gmt":"2025-05-28T13:02:03","slug":"mario-frankovic-nezavisni-kandidat-za-gradonacelnika-pred-nedjeljni-drugi-krug-izboraaa","status":"publish","type":"post","link":"https:\/\/radiojadranka.hr\/index.php\/2025\/05\/28\/mario-frankovic-nezavisni-kandidat-za-gradonacelnika-pred-nedjeljni-drugi-krug-izboraaa\/","title":{"rendered":"Priop\u0107enje za medije Maria Frankovi\u0107a nezavisnog kandidata za gradona\u010delnika Malog Lo\u0161inja"},"content":{"rendered":"<p>U cijelosti prenosimo priop\u0107enje za medije Maria Frankovi\u0107a, nezavisnog kandidata za gradona\u010delnika Malog Lo\u0161inja, pred nedjeljni drugi krug izbora.<\/p>\n<p>&#8220;Po\u0161tovani sugra\u0111ani, u nedjelju odlu\u010dujemo o budu\u0107nosti na\u0161eg otoka.\u00a0 \u00a0 \u00a0 \u00a0 \u00a0 \u00a0 \u00a0 \u00a0 \u00a0 \u00a0 \u00a0 \u00a0 \u00a0 \u00a0 \u00a0 \u00a0 \u00a0 \u00a0 \u00a0 \u00a0 \u00a0 \u00a0 \u00a0 \u00a0 \u00a0 \u00a0 \u00a0 \u00a0 \u00a0 \u00a0 \u00a0 \u00a0 \u00a0 \u00a0 \u00a0 \u00a0 \u00a0 \u00a0 \u00a0 \u00a0 \u00a0 \u00a0 \u00a0 \u00a0 \u00a0 \u00a0 \u00a0 \u00a0 \u00a0 \u00a0 \u00a0 \u00a0 \u00a0 \u00a0 \u00a0 \u00a0 \u00a0 \u00a0 \u00a0 \u00a0 \u00a0 \u00a0 \u00a0 \u00a0 \u00a0 \u00a0 \u00a0 \u00a0 \u00a0 \u00a0 \u00a0 \u00a0 \u00a0 \u00a0 \u00a0 \u00a0 \u00a0 \u00a0 \u00a0 \u00a0 \u00a0 \u00a0 \u00a0 \u00a0 \u00a0 \u00a0 \u00a0 \u00a0 \u00a0 \u00a0 \u00a0 \u00a0 \u00a0 \u00a0 \u00a0 \u00a0 \u00a0 \u00a0 \u00a0 \u00a0 \u00a0 \u00a0 \u00a0 \u00a0 \u00a0 \u00a0 \u00a0 \u00a0 Posljednja dva mjeseca vodio sam pozitivnu i pristojnu kampanju, ne osvr\u0107u\u0107i se na podvale, niske udarce i la\u017ei pojedinaca iz politi\u010dkog establi\u0161menta. To je jednostavno cijena koju svaki kandidat mora platiti. Rezultat prvog kruga jasno pokazuje da gra\u0111ani prepoznaju tko radi, tko je dosljedan i tko nudi stvarnu alternativu vladaju\u0107ima.<\/p>\n<p>Moj cilj je jasan: zaustaviti odlazak mladih, o\u017eivjeti gospodarstvo, vratiti dostojanstvo na\u0161em otoku, brinuti se za starije i nemo\u0107ne, pokazati zahvalnost na\u0161im braniteljima, unaprijediti \u0161kolstvo i sport, te danono\u0107no raditi na podizanju turisti\u010dke ponude i stvaranju cjelogodi\u0161nje turisti\u010dke sezone. Iznad svega, bit \u0107u ravnopravan partner na\u0161im gra\u0111anima.<\/p>\n<p>Promjene ne dolaze preko no\u0107i, ali dolaze s jasnim planom i iskrenom voljom. Zato sam pozvao sve politi\u010dke aktere da se jasno odrede \u2013 \u017eele li podr\u017eati stvarne promjene ili nastaviti s politikom interesa, \u0161utnje i pogodovanja. Nakon nedjelje, vjerujem da \u0107emo sjesti za isti stol i po\u010deti graditi Lo\u0161inj kakav zaslu\u017eujemo \u2013 po\u0161ten, pravedan i otvoren.<\/p>\n<p>Klju\u010dna promjena po\u010dinje u gradskoj upravi. Najve\u0107a slabost na\u0161eg sustava le\u017ei u Jedinstvenom upravnom odjelu i osobi koja upravlja na\u0161im Gradom. To \u0107u odmah promijeniti na na\u010din da \u0107u provesti kompletnu reorganizaciju gradske uprave, uvesti vi\u0161e upravnih odjela i postaviti stru\u010dne i odgovorne rukovoditelje. Imamo kvalitetne ljude u gradskoj upravi, ali njima se upravlja lo\u0161e i bez vizije.<\/p>\n<p>Tako\u0111er, u prvim danima novog mandata odr\u017eat \u0107u sastanke sa svim poslodavcima na otoku, po\u010dev\u0161i od najve\u0107ih. Grad mora postati ozbiljan i poticajan partner poduzetnicima, ali samo pod jednim uvjetom, a to je da vratimo dostojanstvo svakom oto\u010dnom radniku i sprije\u010dimo odlazak mladih i sposobnih ljudi. Teza da su strani radnici kvalitetniji od doma\u0107ih za mene je neprihvatljiva.<\/p>\n<p>Bez istinske promjene, Lo\u0161inj \u0107e ostati zarobljen u stagnaciji, dugovima i interesima jedne stranke i njezinih partnera. Ali za tu stagnaciju ne\u0107e biti krivi oni koji su se borili za bolje, ve\u0107 oni koji su \u0161utjeli i slu\u017eili osobnim interesima, na ra\u010dun cijelog otoka. U nedjelju imate jasan izbor: \u017eelite li nastavak politike \u0161utnje i poslu\u0161nosti ili Grad koji brine, slu\u0161a i gradi budu\u0107nost za sve? HDZ je na vlasti 20 godina \u2013 zar im treba dati jo\u0161 toliko da realiziraju sva obe\u0107anja?\u00a0 \u00a0 \u00a0 \u00a0 \u00a0 \u00a0 \u00a0 \u00a0 \u00a0 \u00a0 \u00a0 \u00a0 \u00a0 \u00a0 \u00a0 \u00a0 \u00a0 \u00a0 \u00a0 \u00a0 \u00a0 \u00a0 \u00a0 \u00a0 \u00a0 \u00a0 \u00a0 \u00a0 \u00a0 \u00a0 \u00a0 \u00a0 \u00a0 \u00a0 \u00a0 \u00a0 \u00a0 \u00a0 \u00a0 \u00a0 \u00a0 \u00a0 \u00a0 \u00a0 \u00a0 \u00a0 \u00a0 \u00a0 \u00a0 \u00a0 \u00a0 \u00a0 \u00a0 \u00a0 \u00a0 \u00a0 \u00a0 \u00a0 \u00a0 \u00a0 \u00a0 \u00a0 \u00a0 \u00a0 \u00a0 \u00a0 \u00a0 \u00a0 \u00a0 \u00a0 \u00a0 \u00a0 \u00a0 \u00a0 \u00a0 \u00a0 \u00a0 \u00a0 \u00a0 \u00a0 \u00a0 \u00a0 \u00a0 \u00a0 \u00a0 \u00a0 \u00a0 \u00a0 \u00a0 \u00a0 \u00a0 \u00a0 \u00a0 \u00a0 \u00a0 \u00a0 \u00a0 \u00a0 \u00a0 \u00a0 \u00a0 \u00a0 \u00a0 \u00a0 \u00a0 \u00a0 \u00a0 \u00a0 \u00a0 \u00a0 Zato iza\u0111ite na izbore i glasajte za promjene, jer mi mo\u017eemo, znamo i ho\u0107emo!&#8221;<\/p>\n<p>&nbsp;<\/p>\n<p><img fetchpriority=\"high\" decoding=\"async\" class=\"alignnone size-medium wp-image-12591\" src=\"https:\/\/radiojadranka.hr\/wp-content\/uploads\/2025\/04\/IMG20250407194241-713x770.jpg\" alt=\"\" width=\"713\" height=\"770\" srcset=\"https:\/\/radiojadranka.hr\/wp-content\/uploads\/2025\/04\/IMG20250407194241-713x770.jpg 713w, https:\/\/radiojadranka.hr\/wp-content\/uploads\/2025\/04\/IMG20250407194241-768x829.jpg 768w, https:\/\/radiojadranka.hr\/wp-content\/uploads\/2025\/04\/IMG20250407194241.jpg 1065w\" sizes=\"(max-width: 713px) 100vw, 713px\" \/><\/p>\n","protected":false},"excerpt":{"rendered":"<p>U cijelosti prenosimo priop\u0107enje za medije Maria Frankovi\u0107a, nezavisnog kandidata za gradona\u010delnika Malog Lo\u0161inja, pred nedjeljni drugi krug izbora. &#8220;Po\u0161tovani sugra\u0111ani, u nedjelju odlu\u010dujemo o budu\u0107nosti na\u0161eg otoka.\u00a0 \u00a0 \u00a0 \u00a0 \u00a0 \u00a0 \u00a0 \u00a0 \u00a0 \u00a0 \u00a0 \u00a0 \u00a0 \u00a0 \u00a0 \u00a0 \u00a0 \u00a0 \u00a0 \u00a0 \u00a0 \u00a0 \u00a0 ...<\/p>\n","protected":false},"author":2,"featured_media":12920,"comment_status":"closed","ping_status":"open","sticky":false,"template":"","format":"audio","meta":{"footnotes":""},"categories":[72],"tags":[],"class_list":["post-13056","post","type-post","status-publish","format-audio","has-post-thumbnail","hentry","category-vijesti","post_format-post-format-audio"],"aioseo_notices":[],"_links":{"self":[{"href":"https:\/\/radiojadranka.hr\/index.php\/wp-json\/wp\/v2\/posts\/13056","targetHints":{"allow":["GET"]}}],"collection":[{"href":"https:\/\/radiojadranka.hr\/index.php\/wp-json\/wp\/v2\/posts"}],"about":[{"href":"https:\/\/radiojadranka.hr\/index.php\/wp-json\/wp\/v2\/types\/post"}],"author":[{"embeddable":true,"href":"https:\/\/radiojadranka.hr\/index.php\/wp-json\/wp\/v2\/users\/2"}],"replies":[{"embeddable":true,"href":"https:\/\/radiojadranka.hr\/index.php\/wp-json\/wp\/v2\/comments?post=13056"}],"version-history":[{"count":2,"href":"https:\/\/radiojadranka.hr\/index.php\/wp-json\/wp\/v2\/posts\/13056\/revisions"}],"predecessor-version":[{"id":13058,"href":"https:\/\/radiojadranka.hr\/index.php\/wp-json\/wp\/v2\/posts\/13056\/revisions\/13058"}],"wp:featuredmedia":[{"embeddable":true,"href":"https:\/\/radiojadranka.hr\/index.php\/wp-json\/wp\/v2\/media\/12920"}],"wp:attachment":[{"href":"https:\/\/radiojadranka.hr\/index.php\/wp-json\/wp\/v2\/media?parent=13056"}],"wp:term":[{"taxonomy":"category","embeddable":true,"href":"https:\/\/radiojadranka.hr\/index.php\/wp-json\/wp\/v2\/categories?post=13056"},{"taxonomy":"post_tag","embeddable":true,"href":"https:\/\/radiojadranka.hr\/index.php\/wp-json\/wp\/v2\/tags?post=13056"}],"curies":[{"name":"wp","href":"https:\/\/api.w.org\/{rel}","templated":true}]}}