{"id":13028,"date":"2025-05-27T09:59:28","date_gmt":"2025-05-27T07:59:28","guid":{"rendered":"https:\/\/radiojadranka.hr\/?p=13028"},"modified":"2025-05-27T09:59:28","modified_gmt":"2025-05-27T07:59:28","slug":"obrisi-novog-vrtica-mrav","status":"publish","type":"post","link":"https:\/\/radiojadranka.hr\/index.php\/2025\/05\/27\/obrisi-novog-vrtica-mrav\/","title":{"rendered":"Obrisi novog vrti\u0107a Mrav!"},"content":{"rendered":"<p><span class=\"selected\">U Malom Lo\u0161inju u tijeku je izgradnja novog dje\u010djeg vrti\u0107a pod nazivom &#8220;Mrav&#8221;, \u0161to predstavlja zna\u010dajnu investiciju u pred\u0161kolski odgoj na otoku. Ovaj projekt, vrijedan gotovo 1,7 milijuna eura, osigurat \u0107e moderan, siguran i poticajan prostor za tri dodatne jasli\u010dke skupine.<\/span><\/p>\n<p><span class=\"selected\">Izgradnja vrti\u0107a &#8220;Mrav&#8221; financira se dijelom iz bespovratnih sredstava Ministarstva znanosti i obrazovanja, koje je osiguralo 487.358,16 eura, dok preostali iznos pokriva Grad Mali Lo\u0161inj. Novi vrti\u0107 nalazi se u neposrednoj blizini postoje\u0107eg Dje\u010djeg vrti\u0107a &#8220;Cvr\u010dak&#8221; i dijelom \u0107e koristiti njegovu infrastrukturu, poput kuhinje i srodnih prostorija.<\/span><\/p>\n<p><span class=\"selected\">Nakon \u0161to su minulog tjedna stigli dijelovi monta\u017ene gra\u0111evine, u svega nekoliko dana vide se obrisi novog objekta.<\/span><\/p>\n<p><span class=\"selected\"> <img fetchpriority=\"high\" decoding=\"async\" class=\"alignnone size-medium wp-image-13029\" src=\"https:\/\/radiojadranka.hr\/wp-content\/uploads\/2025\/05\/IMG20250527082405-770x345.jpg\" alt=\"\" width=\"770\" height=\"345\" srcset=\"https:\/\/radiojadranka.hr\/wp-content\/uploads\/2025\/05\/IMG20250527082405-770x345.jpg 770w, https:\/\/radiojadranka.hr\/wp-content\/uploads\/2025\/05\/IMG20250527082405-1170x524.jpg 1170w, https:\/\/radiojadranka.hr\/wp-content\/uploads\/2025\/05\/IMG20250527082405-768x344.jpg 768w, https:\/\/radiojadranka.hr\/wp-content\/uploads\/2025\/05\/IMG20250527082405-1536x687.jpg 1536w, https:\/\/radiojadranka.hr\/wp-content\/uploads\/2025\/05\/IMG20250527082405.jpg 1638w\" sizes=\"(max-width: 770px) 100vw, 770px\" \/> <img decoding=\"async\" class=\"alignnone size-medium wp-image-13030\" src=\"https:\/\/radiojadranka.hr\/wp-content\/uploads\/2025\/05\/IMG20250527082419-770x345.jpg\" alt=\"\" width=\"770\" height=\"345\" srcset=\"https:\/\/radiojadranka.hr\/wp-content\/uploads\/2025\/05\/IMG20250527082419-770x345.jpg 770w, https:\/\/radiojadranka.hr\/wp-content\/uploads\/2025\/05\/IMG20250527082419-1170x524.jpg 1170w, https:\/\/radiojadranka.hr\/wp-content\/uploads\/2025\/05\/IMG20250527082419-768x344.jpg 768w, https:\/\/radiojadranka.hr\/wp-content\/uploads\/2025\/05\/IMG20250527082419-1536x687.jpg 1536w, https:\/\/radiojadranka.hr\/wp-content\/uploads\/2025\/05\/IMG20250527082419.jpg 1638w\" sizes=\"(max-width: 770px) 100vw, 770px\" \/><\/span><\/p>\n","protected":false},"excerpt":{"rendered":"<p>U Malom Lo\u0161inju u tijeku je izgradnja novog dje\u010djeg vrti\u0107a pod nazivom &#8220;Mrav&#8221;, \u0161to predstavlja zna\u010dajnu investiciju u pred\u0161kolski odgoj na otoku. Ovaj projekt, vrijedan gotovo 1,7 milijuna eura, osigurat \u0107e moderan, siguran i poticajan prostor za tri dodatne jasli\u010dke skupine. Izgradnja vrti\u0107a &#8220;Mrav&#8221; financira se dijelom iz bespovratnih sredstava ...<\/p>\n","protected":false},"author":2,"featured_media":13029,"comment_status":"closed","ping_status":"open","sticky":false,"template":"","format":"audio","meta":{"footnotes":""},"categories":[72],"tags":[],"class_list":["post-13028","post","type-post","status-publish","format-audio","has-post-thumbnail","hentry","category-vijesti","post_format-post-format-audio"],"aioseo_notices":[],"_links":{"self":[{"href":"https:\/\/radiojadranka.hr\/index.php\/wp-json\/wp\/v2\/posts\/13028","targetHints":{"allow":["GET"]}}],"collection":[{"href":"https:\/\/radiojadranka.hr\/index.php\/wp-json\/wp\/v2\/posts"}],"about":[{"href":"https:\/\/radiojadranka.hr\/index.php\/wp-json\/wp\/v2\/types\/post"}],"author":[{"embeddable":true,"href":"https:\/\/radiojadranka.hr\/index.php\/wp-json\/wp\/v2\/users\/2"}],"replies":[{"embeddable":true,"href":"https:\/\/radiojadranka.hr\/index.php\/wp-json\/wp\/v2\/comments?post=13028"}],"version-history":[{"count":1,"href":"https:\/\/radiojadranka.hr\/index.php\/wp-json\/wp\/v2\/posts\/13028\/revisions"}],"predecessor-version":[{"id":13031,"href":"https:\/\/radiojadranka.hr\/index.php\/wp-json\/wp\/v2\/posts\/13028\/revisions\/13031"}],"wp:featuredmedia":[{"embeddable":true,"href":"https:\/\/radiojadranka.hr\/index.php\/wp-json\/wp\/v2\/media\/13029"}],"wp:attachment":[{"href":"https:\/\/radiojadranka.hr\/index.php\/wp-json\/wp\/v2\/media?parent=13028"}],"wp:term":[{"taxonomy":"category","embeddable":true,"href":"https:\/\/radiojadranka.hr\/index.php\/wp-json\/wp\/v2\/categories?post=13028"},{"taxonomy":"post_tag","embeddable":true,"href":"https:\/\/radiojadranka.hr\/index.php\/wp-json\/wp\/v2\/tags?post=13028"}],"curies":[{"name":"wp","href":"https:\/\/api.w.org\/{rel}","templated":true}]}}