{"id":13007,"date":"2025-05-20T13:42:52","date_gmt":"2025-05-20T11:42:52","guid":{"rendered":"https:\/\/radiojadranka.hr\/?p=13007"},"modified":"2025-05-20T13:44:18","modified_gmt":"2025-05-20T11:44:18","slug":"13007","status":"publish","type":"post","link":"https:\/\/radiojadranka.hr\/index.php\/2025\/05\/20\/13007\/","title":{"rendered":"Filmski foruma Srednje \u0161kole Ambroz Hara\u010di\u0107, tre\u0107i put!"},"content":{"rendered":"<p><span class=\"selected\">Filmska sekcija Srednje \u0161kole Ambroza Hara\u010di\u0107a, pod vodstvom \u010dasne sestre Ru\u017eice Dodig, organizira filmski forum koji \u0107e se odr\u017eati ve\u010deras u kinu Vladimira Nazora. Ovaj doga\u0111aj predstavlja jedinstvenu priliku da se vidi kreativni rad u\u010denika filmske skupine, koji su tijekom \u0161kolske godine producirali filmove razli\u010ditih \u017eanrova.<\/span><\/p>\n<p><span class=\"selected\">Filmski forum nije samo prikazivanje filmova, ve\u0107 i prilika za razgovor i analizu filmskih ostvarenja. U\u010denici \u0107e imati priliku predstaviti svoje radove, podijeliti iskustva snimanja i odgovoriti na pitanja publike. Doga\u0111aj je otvoren za sve zainteresirane, a posebno se pozivaju u\u010denici, roditelji i nastavnici da do\u0111u podr\u017eati mlade filmske stvaratelje. Ovaj forum organizira se tre\u0107u godinu za redom! Bit \u0107e to prilika i za donaciju ugostiteljskom praktikumu za nabavku sitnog inventara!<\/span><\/p>\n<p><span class=\"selected\">Filmski forum po\u010dinje u 19:30 sati u kinu Vladimira Nazora.<\/span><\/p>\n<p>poslu\u0161ajte emisiju u kojoj su sudejelovale \u010casna sestra Ru\u017eica Dodig i u\u010denica Sindy Antolovi\u0107&#8230;<\/p>\n<audio class=\"wp-audio-shortcode\" id=\"audio-13007-1\" preload=\"none\" style=\"width: 100%;\" controls=\"controls\"><source type=\"audio\/mpeg\" src=\"https:\/\/www.jadranka.hr\/sites\/jadranka.hr\/files\/upload\/190525blitzfilmskiforumsrednjekoleambrozaharacicacasnasestraruicadodigiucenicisrednjekoleambrozaharacica.mp3?_=1\" \/><a href=\"https:\/\/www.jadranka.hr\/sites\/jadranka.hr\/files\/upload\/190525blitzfilmskiforumsrednjekoleambrozaharacicacasnasestraruicadodigiucenicisrednjekoleambrozaharacica.mp3\">https:\/\/www.jadranka.hr\/sites\/jadranka.hr\/files\/upload\/190525blitzfilmskiforumsrednjekoleambrozaharacicacasnasestraruicadodigiucenicisrednjekoleambrozaharacica.mp3<\/a><\/audio>\n<p><img fetchpriority=\"high\" decoding=\"async\" class=\"alignnone size-medium wp-image-13008\" src=\"https:\/\/radiojadranka.hr\/wp-content\/uploads\/2025\/05\/IMG-20250519-WA0010-1-578x770.jpg\" alt=\"\" width=\"578\" height=\"770\" srcset=\"https:\/\/radiojadranka.hr\/wp-content\/uploads\/2025\/05\/IMG-20250519-WA0010-1-578x770.jpg 578w, https:\/\/radiojadranka.hr\/wp-content\/uploads\/2025\/05\/IMG-20250519-WA0010-1-878x1170.jpg 878w, https:\/\/radiojadranka.hr\/wp-content\/uploads\/2025\/05\/IMG-20250519-WA0010-1-768x1024.jpg 768w, https:\/\/radiojadranka.hr\/wp-content\/uploads\/2025\/05\/IMG-20250519-WA0010-1-1152x1536.jpg 1152w, https:\/\/radiojadranka.hr\/wp-content\/uploads\/2025\/05\/IMG-20250519-WA0010-1.jpg 1200w\" sizes=\"(max-width: 578px) 100vw, 578px\" \/><\/p>\n","protected":false},"excerpt":{"rendered":"<p>Filmska sekcija Srednje \u0161kole Ambroza Hara\u010di\u0107a, pod vodstvom \u010dasne sestre Ru\u017eice Dodig, organizira filmski forum koji \u0107e se odr\u017eati ve\u010deras u kinu Vladimira Nazora. Ovaj doga\u0111aj predstavlja jedinstvenu priliku da se vidi kreativni rad u\u010denika filmske skupine, koji su tijekom \u0161kolske godine producirali filmove razli\u010ditih \u017eanrova. Filmski forum nije samo ...<\/p>\n","protected":false},"author":2,"featured_media":13008,"comment_status":"closed","ping_status":"open","sticky":false,"template":"","format":"audio","meta":{"footnotes":""},"categories":[72],"tags":[],"class_list":["post-13007","post","type-post","status-publish","format-audio","has-post-thumbnail","hentry","category-vijesti","post_format-post-format-audio"],"aioseo_notices":[],"_links":{"self":[{"href":"https:\/\/radiojadranka.hr\/index.php\/wp-json\/wp\/v2\/posts\/13007","targetHints":{"allow":["GET"]}}],"collection":[{"href":"https:\/\/radiojadranka.hr\/index.php\/wp-json\/wp\/v2\/posts"}],"about":[{"href":"https:\/\/radiojadranka.hr\/index.php\/wp-json\/wp\/v2\/types\/post"}],"author":[{"embeddable":true,"href":"https:\/\/radiojadranka.hr\/index.php\/wp-json\/wp\/v2\/users\/2"}],"replies":[{"embeddable":true,"href":"https:\/\/radiojadranka.hr\/index.php\/wp-json\/wp\/v2\/comments?post=13007"}],"version-history":[{"count":3,"href":"https:\/\/radiojadranka.hr\/index.php\/wp-json\/wp\/v2\/posts\/13007\/revisions"}],"predecessor-version":[{"id":13011,"href":"https:\/\/radiojadranka.hr\/index.php\/wp-json\/wp\/v2\/posts\/13007\/revisions\/13011"}],"wp:featuredmedia":[{"embeddable":true,"href":"https:\/\/radiojadranka.hr\/index.php\/wp-json\/wp\/v2\/media\/13008"}],"wp:attachment":[{"href":"https:\/\/radiojadranka.hr\/index.php\/wp-json\/wp\/v2\/media?parent=13007"}],"wp:term":[{"taxonomy":"category","embeddable":true,"href":"https:\/\/radiojadranka.hr\/index.php\/wp-json\/wp\/v2\/categories?post=13007"},{"taxonomy":"post_tag","embeddable":true,"href":"https:\/\/radiojadranka.hr\/index.php\/wp-json\/wp\/v2\/tags?post=13007"}],"curies":[{"name":"wp","href":"https:\/\/api.w.org\/{rel}","templated":true}]}}