{"id":12986,"date":"2025-05-16T13:55:45","date_gmt":"2025-05-16T11:55:45","guid":{"rendered":"https:\/\/radiojadranka.hr\/?p=12986"},"modified":"2025-05-16T13:56:13","modified_gmt":"2025-05-16T11:56:13","slug":"sutra-u-na-glavnom-trgu-u-malom-losinju-obiljezavamo-hrvatski-dan-dijabetesa","status":"publish","type":"post","link":"https:\/\/radiojadranka.hr\/index.php\/2025\/05\/16\/sutra-u-na-glavnom-trgu-u-malom-losinju-obiljezavamo-hrvatski-dan-dijabetesa\/","title":{"rendered":"Sutra na glavnom trgu u Malom Lo\u0161inju obilje\u017eavamo Hrvatski dan dijabetesa!"},"content":{"rendered":"<p>Na sutra\u0161njem oblje\u017eavanju mjerit \u0107e se razina \u0161e\u0107era u krvi, krvni tlak i tromjese\u010dni prosjek \u0161e\u0107era u krvi. Mi smo u studiju ugostili i rzagovarali s dr.Lea Duvnjak, Iva O\u017eegovi\u0107 iz Med trust-a, dr. Senka Stojanovi\u0107 i Marinkom \u010cali\u0107em iz na\u0161e udruge!<\/p>\n<p>Na trgu \u0107e obilje\u017eavanje po\u010deti u 11 sati!<\/p>\n<p>Vidimo se&#8230; poslu\u0161ajte i emsisiju<\/p>\n<audio class=\"wp-audio-shortcode\" id=\"audio-12986-1\" preload=\"none\" style=\"width: 100%;\" controls=\"controls\"><source type=\"audio\/mpeg\" src=\"https:\/\/www.jadranka.hr\/sites\/jadranka.hr\/files\/upload\/160525rspdandijabeticara.mp3?_=1\" \/><a href=\"https:\/\/www.jadranka.hr\/sites\/jadranka.hr\/files\/upload\/160525rspdandijabeticara.mp3\">https:\/\/www.jadranka.hr\/sites\/jadranka.hr\/files\/upload\/160525rspdandijabeticara.mp3<\/a><\/audio>\n<p><img fetchpriority=\"high\" decoding=\"async\" class=\"alignnone size-medium wp-image-12987\" src=\"https:\/\/radiojadranka.hr\/wp-content\/uploads\/2025\/05\/IMG-20250516-WA0013-770x578.jpg\" alt=\"\" width=\"770\" height=\"578\" srcset=\"https:\/\/radiojadranka.hr\/wp-content\/uploads\/2025\/05\/IMG-20250516-WA0013-770x578.jpg 770w, https:\/\/radiojadranka.hr\/wp-content\/uploads\/2025\/05\/IMG-20250516-WA0013-1170x878.jpg 1170w, https:\/\/radiojadranka.hr\/wp-content\/uploads\/2025\/05\/IMG-20250516-WA0013-768x576.jpg 768w, https:\/\/radiojadranka.hr\/wp-content\/uploads\/2025\/05\/IMG-20250516-WA0013-1536x1152.jpg 1536w, https:\/\/radiojadranka.hr\/wp-content\/uploads\/2025\/05\/IMG-20250516-WA0013.jpg 2048w\" sizes=\"(max-width: 770px) 100vw, 770px\" \/><\/p>\n","protected":false},"excerpt":{"rendered":"<p>Na sutra\u0161njem oblje\u017eavanju mjerit \u0107e se razina \u0161e\u0107era u krvi, krvni tlak i tromjese\u010dni prosjek \u0161e\u0107era u krvi. Mi smo u studiju ugostili i rzagovarali s dr.Lea Duvnjak, Iva O\u017eegovi\u0107 iz Med trust-a, dr. Senka Stojanovi\u0107 i Marinkom \u010cali\u0107em iz na\u0161e udruge! Na trgu \u0107e obilje\u017eavanje po\u010deti u 11 sati! ...<\/p>\n","protected":false},"author":2,"featured_media":12987,"comment_status":"closed","ping_status":"open","sticky":false,"template":"","format":"audio","meta":{"footnotes":""},"categories":[72],"tags":[],"class_list":["post-12986","post","type-post","status-publish","format-audio","has-post-thumbnail","hentry","category-vijesti","post_format-post-format-audio"],"aioseo_notices":[],"_links":{"self":[{"href":"https:\/\/radiojadranka.hr\/index.php\/wp-json\/wp\/v2\/posts\/12986","targetHints":{"allow":["GET"]}}],"collection":[{"href":"https:\/\/radiojadranka.hr\/index.php\/wp-json\/wp\/v2\/posts"}],"about":[{"href":"https:\/\/radiojadranka.hr\/index.php\/wp-json\/wp\/v2\/types\/post"}],"author":[{"embeddable":true,"href":"https:\/\/radiojadranka.hr\/index.php\/wp-json\/wp\/v2\/users\/2"}],"replies":[{"embeddable":true,"href":"https:\/\/radiojadranka.hr\/index.php\/wp-json\/wp\/v2\/comments?post=12986"}],"version-history":[{"count":2,"href":"https:\/\/radiojadranka.hr\/index.php\/wp-json\/wp\/v2\/posts\/12986\/revisions"}],"predecessor-version":[{"id":12989,"href":"https:\/\/radiojadranka.hr\/index.php\/wp-json\/wp\/v2\/posts\/12986\/revisions\/12989"}],"wp:featuredmedia":[{"embeddable":true,"href":"https:\/\/radiojadranka.hr\/index.php\/wp-json\/wp\/v2\/media\/12987"}],"wp:attachment":[{"href":"https:\/\/radiojadranka.hr\/index.php\/wp-json\/wp\/v2\/media?parent=12986"}],"wp:term":[{"taxonomy":"category","embeddable":true,"href":"https:\/\/radiojadranka.hr\/index.php\/wp-json\/wp\/v2\/categories?post=12986"},{"taxonomy":"post_tag","embeddable":true,"href":"https:\/\/radiojadranka.hr\/index.php\/wp-json\/wp\/v2\/tags?post=12986"}],"curies":[{"name":"wp","href":"https:\/\/api.w.org\/{rel}","templated":true}]}}