{"id":12927,"date":"2025-05-14T10:37:52","date_gmt":"2025-05-14T08:37:52","guid":{"rendered":"https:\/\/radiojadranka.hr\/?p=12927"},"modified":"2025-05-14T10:37:52","modified_gmt":"2025-05-14T08:37:52","slug":"predstavljeni-orkestralni-zvuci-otoka-losinja-u-povodu-150-godina-puhackog-orkestra","status":"publish","type":"post","link":"https:\/\/radiojadranka.hr\/index.php\/2025\/05\/14\/predstavljeni-orkestralni-zvuci-otoka-losinja-u-povodu-150-godina-puhackog-orkestra\/","title":{"rendered":"Predstavljeni &#8220;Orkestralni zvuci otoka Lo\u0161inja&#8221;, u povodu 150 godina Puha\u010dkog orkestra!"},"content":{"rendered":"<p><span class=\"selected\">Sino\u0107 je u Malom Lo\u0161inju je predstavljena monografija &#8220;<strong>Orkestralni zvuci otoka Lo\u0161inj<\/strong>a&#8221;, povodom 150 godina prvog poznatog zapisa o postojanju puha\u010dkog orkestra na otoku.<\/span><\/p>\n<p><span class=\"selected\">Bila je to izuzetna promocija knjige upotpunjena nastupom Puha\u010dkog orkestra &#8220;Josip Ka\u0161man&#8221; pod vodstvom maestra Davora Mu\u017ei\u0107a, koji je izveo skladbe iz povijesti orkestra. Veterani orkestra, Fiore Sagani\u0107, Franko Vodanovi\u0107 i Steno Viduli\u0107, prisjetili su se va\u017enih trenutaka iz povijesti orkestra, svaki iz svog razdoblja djelovanja. Prema podacima kroni\u010dara Darka Luf\u010di\u0107a, od 1994. do 2024. orkestar je imao 1406 nastupa sa 340 razli\u010ditih skladbi i 191 osobom u sastavu.<\/span><\/p>\n<p><span class=\"selected\">Gradona\u010delnica Ana Ku\u010di\u0107 i Ivana Pu\u0161onji\u0107, uime pokrovitelja predsjednika RH Zorana Milanovi\u0107a, tako\u0111er su pozdravile okupljene.<\/span><\/p>\n<p><span class=\"selected\">Monografija isti\u010de da je orkestar svirao prilikom dolaska cara Franje Josipa u Mali Lo\u0161inj 13.5.1875. godine. Osim sada\u0161njeg orkestra, u knjizi su zabilje\u017eeni i orkestri koji su postojali u Velom Lo\u0161inju i Nerezinama.<\/span><\/p>\n<p><span class=\"selected\">Ideju za knjigu razvio je Adrijano Nikoli\u0107, a uredio ju je Damjan Stani\u0107. Monografija obra\u0111uje povijest puha\u010dkih orkestara, djelovanje lo\u0161injskih orkestara kroz razli\u010dita razdoblja, te sada\u0161nje aktivnosti orkestra &#8220;Josip Ka\u0161man&#8221;. Uklju\u010duje i portret Josipa Ka\u0161mana, zapise o uniformama, ekolo\u0161kim akcijama, dru\u017eenjima, vezi s glazbenom \u0161kolom te sje\u0107anja starijih \u010dlanova. Knjiga tako\u0111er sadr\u017ei popis \u010dlanova, biografije dirigenata i kazalo imena. snimku mo\u017eete poslu\u0161ati u cijelosti&#8230;<\/span><\/p>\n<audio class=\"wp-audio-shortcode\" id=\"audio-12927-1\" preload=\"none\" style=\"width: 100%;\" controls=\"controls\"><source type=\"audio\/mpeg\" src=\"https:\/\/www.jadranka.hr\/sites\/jadranka.hr\/files\/upload\/140525predstavljanjemonografijepuhackiorkestarnormaliziranoucijelosti-1.mp3?_=1\" \/><a href=\"https:\/\/www.jadranka.hr\/sites\/jadranka.hr\/files\/upload\/140525predstavljanjemonografijepuhackiorkestarnormaliziranoucijelosti-1.mp3\">https:\/\/www.jadranka.hr\/sites\/jadranka.hr\/files\/upload\/140525predstavljanjemonografijepuhackiorkestarnormaliziranoucijelosti-1.mp3<\/a><\/audio>\n<div id='gallery-1' class='gallery galleryid-12927 gallery-columns-3 gallery-size-thumbnail'><figure class='gallery-item'>\n\t\t\t<div class='gallery-icon portrait'>\n\t\t\t\t<a href='https:\/\/radiojadranka.hr\/index.php\/2025\/05\/14\/predstavljeni-orkestralni-zvuci-otoka-losinja-u-povodu-150-godina-puhackog-orkestra\/img_20250513_204155\/'><img decoding=\"async\" width=\"150\" height=\"150\" src=\"https:\/\/radiojadranka.hr\/wp-content\/uploads\/2025\/05\/IMG_20250513_204155-150x150.jpg\" class=\"attachment-thumbnail size-thumbnail\" alt=\"\" srcset=\"https:\/\/radiojadranka.hr\/wp-content\/uploads\/2025\/05\/IMG_20250513_204155-150x150.jpg 150w, https:\/\/radiojadranka.hr\/wp-content\/uploads\/2025\/05\/IMG_20250513_204155-100x100.jpg 100w, https:\/\/radiojadranka.hr\/wp-content\/uploads\/2025\/05\/IMG_20250513_204155-370x370.jpg 370w\" sizes=\"(max-width: 150px) 100vw, 150px\" \/><\/a>\n\t\t\t<\/div><\/figure><figure class='gallery-item'>\n\t\t\t<div class='gallery-icon portrait'>\n\t\t\t\t<a href='https:\/\/radiojadranka.hr\/index.php\/2025\/05\/14\/predstavljeni-orkestralni-zvuci-otoka-losinja-u-povodu-150-godina-puhackog-orkestra\/img20250513191059\/'><img decoding=\"async\" width=\"150\" height=\"150\" src=\"https:\/\/radiojadranka.hr\/wp-content\/uploads\/2025\/05\/IMG20250513191059-150x150.jpg\" class=\"attachment-thumbnail size-thumbnail\" alt=\"\" srcset=\"https:\/\/radiojadranka.hr\/wp-content\/uploads\/2025\/05\/IMG20250513191059-150x150.jpg 150w, https:\/\/radiojadranka.hr\/wp-content\/uploads\/2025\/05\/IMG20250513191059-100x100.jpg 100w, https:\/\/radiojadranka.hr\/wp-content\/uploads\/2025\/05\/IMG20250513191059-370x370.jpg 370w\" sizes=\"(max-width: 150px) 100vw, 150px\" \/><\/a>\n\t\t\t<\/div><\/figure><figure class='gallery-item'>\n\t\t\t<div class='gallery-icon portrait'>\n\t\t\t\t<a href='https:\/\/radiojadranka.hr\/index.php\/2025\/05\/14\/predstavljeni-orkestralni-zvuci-otoka-losinja-u-povodu-150-godina-puhackog-orkestra\/img20250513193531\/'><img decoding=\"async\" width=\"150\" height=\"150\" src=\"https:\/\/radiojadranka.hr\/wp-content\/uploads\/2025\/05\/IMG20250513193531-150x150.jpg\" class=\"attachment-thumbnail size-thumbnail\" alt=\"\" srcset=\"https:\/\/radiojadranka.hr\/wp-content\/uploads\/2025\/05\/IMG20250513193531-150x150.jpg 150w, https:\/\/radiojadranka.hr\/wp-content\/uploads\/2025\/05\/IMG20250513193531-100x100.jpg 100w, https:\/\/radiojadranka.hr\/wp-content\/uploads\/2025\/05\/IMG20250513193531-370x370.jpg 370w\" sizes=\"(max-width: 150px) 100vw, 150px\" \/><\/a>\n\t\t\t<\/div><\/figure><figure class='gallery-item'>\n\t\t\t<div class='gallery-icon portrait'>\n\t\t\t\t<a href='https:\/\/radiojadranka.hr\/index.php\/2025\/05\/14\/predstavljeni-orkestralni-zvuci-otoka-losinja-u-povodu-150-godina-puhackog-orkestra\/oplus_2099232\/'><img loading=\"lazy\" decoding=\"async\" width=\"150\" height=\"150\" src=\"https:\/\/radiojadranka.hr\/wp-content\/uploads\/2025\/05\/IMG20250513194900-150x150.jpg\" class=\"attachment-thumbnail size-thumbnail\" alt=\"\" aria-describedby=\"gallery-1-12931\" srcset=\"https:\/\/radiojadranka.hr\/wp-content\/uploads\/2025\/05\/IMG20250513194900-150x150.jpg 150w, https:\/\/radiojadranka.hr\/wp-content\/uploads\/2025\/05\/IMG20250513194900-100x100.jpg 100w, https:\/\/radiojadranka.hr\/wp-content\/uploads\/2025\/05\/IMG20250513194900-370x370.jpg 370w\" sizes=\"(max-width: 150px) 100vw, 150px\" \/><\/a>\n\t\t\t<\/div>\n\t\t\t\t<figcaption class='wp-caption-text gallery-caption' id='gallery-1-12931'>\n\t\t\t\toplus_2099232\n\t\t\t\t<\/figcaption><\/figure><figure class='gallery-item'>\n\t\t\t<div class='gallery-icon portrait'>\n\t\t\t\t<a href='https:\/\/radiojadranka.hr\/index.php\/2025\/05\/14\/predstavljeni-orkestralni-zvuci-otoka-losinja-u-povodu-150-godina-puhackog-orkestra\/img20250513204619\/'><img loading=\"lazy\" decoding=\"async\" width=\"150\" height=\"150\" src=\"https:\/\/radiojadranka.hr\/wp-content\/uploads\/2025\/05\/IMG20250513204619-150x150.jpg\" class=\"attachment-thumbnail size-thumbnail\" alt=\"\" srcset=\"https:\/\/radiojadranka.hr\/wp-content\/uploads\/2025\/05\/IMG20250513204619-150x150.jpg 150w, https:\/\/radiojadranka.hr\/wp-content\/uploads\/2025\/05\/IMG20250513204619-100x100.jpg 100w, https:\/\/radiojadranka.hr\/wp-content\/uploads\/2025\/05\/IMG20250513204619-370x370.jpg 370w\" sizes=\"(max-width: 150px) 100vw, 150px\" \/><\/a>\n\t\t\t<\/div><\/figure><figure class='gallery-item'>\n\t\t\t<div class='gallery-icon landscape'>\n\t\t\t\t<a href='https:\/\/radiojadranka.hr\/index.php\/2025\/05\/14\/predstavljeni-orkestralni-zvuci-otoka-losinja-u-povodu-150-godina-puhackog-orkestra\/img20250513205443\/'><img loading=\"lazy\" decoding=\"async\" width=\"150\" height=\"150\" src=\"https:\/\/radiojadranka.hr\/wp-content\/uploads\/2025\/05\/IMG20250513205443-150x150.jpg\" class=\"attachment-thumbnail size-thumbnail\" alt=\"\" srcset=\"https:\/\/radiojadranka.hr\/wp-content\/uploads\/2025\/05\/IMG20250513205443-150x150.jpg 150w, https:\/\/radiojadranka.hr\/wp-content\/uploads\/2025\/05\/IMG20250513205443-100x100.jpg 100w, https:\/\/radiojadranka.hr\/wp-content\/uploads\/2025\/05\/IMG20250513205443-370x370.jpg 370w\" sizes=\"(max-width: 150px) 100vw, 150px\" \/><\/a>\n\t\t\t<\/div><\/figure><figure class='gallery-item'>\n\t\t\t<div class='gallery-icon landscape'>\n\t\t\t\t<a href='https:\/\/radiojadranka.hr\/index.php\/2025\/05\/14\/predstavljeni-orkestralni-zvuci-otoka-losinja-u-povodu-150-godina-puhackog-orkestra\/img20250513205451\/'><img loading=\"lazy\" decoding=\"async\" width=\"150\" height=\"150\" src=\"https:\/\/radiojadranka.hr\/wp-content\/uploads\/2025\/05\/IMG20250513205451-150x150.jpg\" class=\"attachment-thumbnail size-thumbnail\" alt=\"\" srcset=\"https:\/\/radiojadranka.hr\/wp-content\/uploads\/2025\/05\/IMG20250513205451-150x150.jpg 150w, https:\/\/radiojadranka.hr\/wp-content\/uploads\/2025\/05\/IMG20250513205451-100x100.jpg 100w, https:\/\/radiojadranka.hr\/wp-content\/uploads\/2025\/05\/IMG20250513205451-370x370.jpg 370w\" sizes=\"(max-width: 150px) 100vw, 150px\" \/><\/a>\n\t\t\t<\/div><\/figure><figure class='gallery-item'>\n\t\t\t<div class='gallery-icon portrait'>\n\t\t\t\t<a href='https:\/\/radiojadranka.hr\/index.php\/2025\/05\/14\/predstavljeni-orkestralni-zvuci-otoka-losinja-u-povodu-150-godina-puhackog-orkestra\/img20250513205742\/'><img loading=\"lazy\" decoding=\"async\" width=\"150\" height=\"150\" src=\"https:\/\/radiojadranka.hr\/wp-content\/uploads\/2025\/05\/IMG20250513205742-150x150.jpg\" class=\"attachment-thumbnail size-thumbnail\" alt=\"\" srcset=\"https:\/\/radiojadranka.hr\/wp-content\/uploads\/2025\/05\/IMG20250513205742-150x150.jpg 150w, https:\/\/radiojadranka.hr\/wp-content\/uploads\/2025\/05\/IMG20250513205742-100x100.jpg 100w, https:\/\/radiojadranka.hr\/wp-content\/uploads\/2025\/05\/IMG20250513205742-370x370.jpg 370w\" sizes=\"(max-width: 150px) 100vw, 150px\" \/><\/a>\n\t\t\t<\/div><\/figure>\n\t\t<\/div>\n\n<p>&nbsp;<\/p>\n","protected":false},"excerpt":{"rendered":"<p>Sino\u0107 je u Malom Lo\u0161inju je predstavljena monografija &#8220;Orkestralni zvuci otoka Lo\u0161inja&#8221;, povodom 150 godina prvog poznatog zapisa o postojanju puha\u010dkog orkestra na otoku. Bila je to izuzetna promocija knjige upotpunjena nastupom Puha\u010dkog orkestra &#8220;Josip Ka\u0161man&#8221; pod vodstvom maestra Davora Mu\u017ei\u0107a, koji je izveo skladbe iz povijesti orkestra. Veterani orkestra, ...<\/p>\n","protected":false},"author":2,"featured_media":12935,"comment_status":"closed","ping_status":"open","sticky":false,"template":"","format":"audio","meta":{"footnotes":""},"categories":[72],"tags":[],"class_list":["post-12927","post","type-post","status-publish","format-audio","has-post-thumbnail","hentry","category-vijesti","post_format-post-format-audio"],"aioseo_notices":[],"_links":{"self":[{"href":"https:\/\/radiojadranka.hr\/index.php\/wp-json\/wp\/v2\/posts\/12927","targetHints":{"allow":["GET"]}}],"collection":[{"href":"https:\/\/radiojadranka.hr\/index.php\/wp-json\/wp\/v2\/posts"}],"about":[{"href":"https:\/\/radiojadranka.hr\/index.php\/wp-json\/wp\/v2\/types\/post"}],"author":[{"embeddable":true,"href":"https:\/\/radiojadranka.hr\/index.php\/wp-json\/wp\/v2\/users\/2"}],"replies":[{"embeddable":true,"href":"https:\/\/radiojadranka.hr\/index.php\/wp-json\/wp\/v2\/comments?post=12927"}],"version-history":[{"count":1,"href":"https:\/\/radiojadranka.hr\/index.php\/wp-json\/wp\/v2\/posts\/12927\/revisions"}],"predecessor-version":[{"id":12936,"href":"https:\/\/radiojadranka.hr\/index.php\/wp-json\/wp\/v2\/posts\/12927\/revisions\/12936"}],"wp:featuredmedia":[{"embeddable":true,"href":"https:\/\/radiojadranka.hr\/index.php\/wp-json\/wp\/v2\/media\/12935"}],"wp:attachment":[{"href":"https:\/\/radiojadranka.hr\/index.php\/wp-json\/wp\/v2\/media?parent=12927"}],"wp:term":[{"taxonomy":"category","embeddable":true,"href":"https:\/\/radiojadranka.hr\/index.php\/wp-json\/wp\/v2\/categories?post=12927"},{"taxonomy":"post_tag","embeddable":true,"href":"https:\/\/radiojadranka.hr\/index.php\/wp-json\/wp\/v2\/tags?post=12927"}],"curies":[{"name":"wp","href":"https:\/\/api.w.org\/{rel}","templated":true}]}}