{"id":12908,"date":"2025-05-12T15:32:43","date_gmt":"2025-05-12T13:32:43","guid":{"rendered":"https:\/\/radiojadranka.hr\/?p=12908"},"modified":"2025-05-15T08:30:09","modified_gmt":"2025-05-15T06:30:09","slug":"ivica-krstas-kandidat-za-gradonacelnika-i-nositelj-liste-dp-suverenisti-hsls-i-most-o-letjelistu-na-unijama-komunalnom-otpaduaa","status":"publish","type":"post","link":"https:\/\/radiojadranka.hr\/index.php\/2025\/05\/12\/ivica-krstas-kandidat-za-gradonacelnika-i-nositelj-liste-dp-suverenisti-hsls-i-most-o-letjelistu-na-unijama-komunalnom-otpaduaa\/","title":{"rendered":"Ivica Krsta\u0161, kandidat za gradona\u010delnika i drugi na listi DP, Suverenisti, HSLS i Most, o letjeli\u0161tu na Unijama, komunalnom otpadu&#8230;"},"content":{"rendered":"<p>&nbsp;<\/p>\n<audio class=\"wp-audio-shortcode\" id=\"audio-12908-1\" preload=\"none\" style=\"width: 100%;\" controls=\"controls\"><source type=\"audio\/mpeg\" src=\"https:\/\/www.jadranka.hr\/sites\/jadranka.hr\/files\/upload\/120525ivicakrsta.mp3?_=1\" \/><a href=\"https:\/\/www.jadranka.hr\/sites\/jadranka.hr\/files\/upload\/120525ivicakrsta.mp3\">https:\/\/www.jadranka.hr\/sites\/jadranka.hr\/files\/upload\/120525ivicakrsta.mp3<\/a><\/audio>\n<p><img fetchpriority=\"high\" decoding=\"async\" class=\"alignnone size-medium wp-image-12909\" src=\"https:\/\/radiojadranka.hr\/wp-content\/uploads\/2025\/05\/IMG20250512140336-1-770x433.jpg\" alt=\"\" width=\"770\" height=\"433\" srcset=\"https:\/\/radiojadranka.hr\/wp-content\/uploads\/2025\/05\/IMG20250512140336-1-770x433.jpg 770w, https:\/\/radiojadranka.hr\/wp-content\/uploads\/2025\/05\/IMG20250512140336-1-1170x659.jpg 1170w, https:\/\/radiojadranka.hr\/wp-content\/uploads\/2025\/05\/IMG20250512140336-1-768x432.jpg 768w, https:\/\/radiojadranka.hr\/wp-content\/uploads\/2025\/05\/IMG20250512140336-1-1536x865.jpg 1536w, https:\/\/radiojadranka.hr\/wp-content\/uploads\/2025\/05\/IMG20250512140336-1.jpg 1638w\" sizes=\"(max-width: 770px) 100vw, 770px\" \/><\/p>\n","protected":false},"excerpt":{"rendered":"<p>&nbsp; https:\/\/www.jadranka.hr\/sites\/jadranka.hr\/files\/upload\/120525ivicakrsta.mp3<\/p>\n","protected":false},"author":2,"featured_media":12909,"comment_status":"closed","ping_status":"open","sticky":false,"template":"","format":"audio","meta":{"footnotes":""},"categories":[137],"tags":[],"class_list":["post-12908","post","type-post","status-publish","format-audio","has-post-thumbnail","hentry","category-lokalni-izbori-2025","post_format-post-format-audio"],"aioseo_notices":[],"_links":{"self":[{"href":"https:\/\/radiojadranka.hr\/index.php\/wp-json\/wp\/v2\/posts\/12908","targetHints":{"allow":["GET"]}}],"collection":[{"href":"https:\/\/radiojadranka.hr\/index.php\/wp-json\/wp\/v2\/posts"}],"about":[{"href":"https:\/\/radiojadranka.hr\/index.php\/wp-json\/wp\/v2\/types\/post"}],"author":[{"embeddable":true,"href":"https:\/\/radiojadranka.hr\/index.php\/wp-json\/wp\/v2\/users\/2"}],"replies":[{"embeddable":true,"href":"https:\/\/radiojadranka.hr\/index.php\/wp-json\/wp\/v2\/comments?post=12908"}],"version-history":[{"count":2,"href":"https:\/\/radiojadranka.hr\/index.php\/wp-json\/wp\/v2\/posts\/12908\/revisions"}],"predecessor-version":[{"id":12958,"href":"https:\/\/radiojadranka.hr\/index.php\/wp-json\/wp\/v2\/posts\/12908\/revisions\/12958"}],"wp:featuredmedia":[{"embeddable":true,"href":"https:\/\/radiojadranka.hr\/index.php\/wp-json\/wp\/v2\/media\/12909"}],"wp:attachment":[{"href":"https:\/\/radiojadranka.hr\/index.php\/wp-json\/wp\/v2\/media?parent=12908"}],"wp:term":[{"taxonomy":"category","embeddable":true,"href":"https:\/\/radiojadranka.hr\/index.php\/wp-json\/wp\/v2\/categories?post=12908"},{"taxonomy":"post_tag","embeddable":true,"href":"https:\/\/radiojadranka.hr\/index.php\/wp-json\/wp\/v2\/tags?post=12908"}],"curies":[{"name":"wp","href":"https:\/\/api.w.org\/{rel}","templated":true}]}}