{"id":12901,"date":"2025-05-12T15:19:55","date_gmt":"2025-05-12T13:19:55","guid":{"rendered":"https:\/\/radiojadranka.hr\/?p=12901"},"modified":"2025-05-12T15:19:55","modified_gmt":"2025-05-12T13:19:55","slug":"jerko-kuseta-i-damjan-stanic-u-danasnjoj-emisiji-o-komunalnim-problemima-i-odvozu-otpada","status":"publish","type":"post","link":"https:\/\/radiojadranka.hr\/index.php\/2025\/05\/12\/jerko-kuseta-i-damjan-stanic-u-danasnjoj-emisiji-o-komunalnim-problemima-i-odvozu-otpada\/","title":{"rendered":"Jerko Ku\u0161eta i Damjan Stani\u0107 u dana\u0161njoj emisiji o komunalnim problemima i odvozu otpada!"},"content":{"rendered":"<audio class=\"wp-audio-shortcode\" id=\"audio-12901-1\" preload=\"none\" style=\"width: 100%;\" controls=\"controls\"><source type=\"audio\/mpeg\" src=\"https:\/\/www.jadranka.hr\/sites\/jadranka.hr\/files\/upload\/120525jerkokuetaidamijanstanic.mp3?_=1\" \/><a href=\"https:\/\/www.jadranka.hr\/sites\/jadranka.hr\/files\/upload\/120525jerkokuetaidamijanstanic.mp3\">https:\/\/www.jadranka.hr\/sites\/jadranka.hr\/files\/upload\/120525jerkokuetaidamijanstanic.mp3<\/a><\/audio>\n<p><img fetchpriority=\"high\" decoding=\"async\" class=\"alignnone size-medium wp-image-12902\" src=\"https:\/\/radiojadranka.hr\/wp-content\/uploads\/2025\/05\/IMG-20250512-WA0004-1-770x578.jpg\" alt=\"\" width=\"770\" height=\"578\" srcset=\"https:\/\/radiojadranka.hr\/wp-content\/uploads\/2025\/05\/IMG-20250512-WA0004-1-770x578.jpg 770w, https:\/\/radiojadranka.hr\/wp-content\/uploads\/2025\/05\/IMG-20250512-WA0004-1-1170x878.jpg 1170w, https:\/\/radiojadranka.hr\/wp-content\/uploads\/2025\/05\/IMG-20250512-WA0004-1-768x576.jpg 768w, https:\/\/radiojadranka.hr\/wp-content\/uploads\/2025\/05\/IMG-20250512-WA0004-1-1536x1152.jpg 1536w, https:\/\/radiojadranka.hr\/wp-content\/uploads\/2025\/05\/IMG-20250512-WA0004-1.jpg 2048w\" sizes=\"(max-width: 770px) 100vw, 770px\" \/><\/p>\n","protected":false},"excerpt":{"rendered":"<p>https:\/\/www.jadranka.hr\/sites\/jadranka.hr\/files\/upload\/120525jerkokuetaidamijanstanic.mp3<\/p>\n","protected":false},"author":2,"featured_media":12903,"comment_status":"closed","ping_status":"open","sticky":false,"template":"","format":"audio","meta":{"footnotes":""},"categories":[137],"tags":[],"class_list":["post-12901","post","type-post","status-publish","format-audio","has-post-thumbnail","hentry","category-lokalni-izbori-2025","post_format-post-format-audio"],"aioseo_notices":[],"_links":{"self":[{"href":"https:\/\/radiojadranka.hr\/index.php\/wp-json\/wp\/v2\/posts\/12901","targetHints":{"allow":["GET"]}}],"collection":[{"href":"https:\/\/radiojadranka.hr\/index.php\/wp-json\/wp\/v2\/posts"}],"about":[{"href":"https:\/\/radiojadranka.hr\/index.php\/wp-json\/wp\/v2\/types\/post"}],"author":[{"embeddable":true,"href":"https:\/\/radiojadranka.hr\/index.php\/wp-json\/wp\/v2\/users\/2"}],"replies":[{"embeddable":true,"href":"https:\/\/radiojadranka.hr\/index.php\/wp-json\/wp\/v2\/comments?post=12901"}],"version-history":[{"count":1,"href":"https:\/\/radiojadranka.hr\/index.php\/wp-json\/wp\/v2\/posts\/12901\/revisions"}],"predecessor-version":[{"id":12904,"href":"https:\/\/radiojadranka.hr\/index.php\/wp-json\/wp\/v2\/posts\/12901\/revisions\/12904"}],"wp:featuredmedia":[{"embeddable":true,"href":"https:\/\/radiojadranka.hr\/index.php\/wp-json\/wp\/v2\/media\/12903"}],"wp:attachment":[{"href":"https:\/\/radiojadranka.hr\/index.php\/wp-json\/wp\/v2\/media?parent=12901"}],"wp:term":[{"taxonomy":"category","embeddable":true,"href":"https:\/\/radiojadranka.hr\/index.php\/wp-json\/wp\/v2\/categories?post=12901"},{"taxonomy":"post_tag","embeddable":true,"href":"https:\/\/radiojadranka.hr\/index.php\/wp-json\/wp\/v2\/tags?post=12901"}],"curies":[{"name":"wp","href":"https:\/\/api.w.org\/{rel}","templated":true}]}}