{"id":12840,"date":"2025-05-08T13:47:07","date_gmt":"2025-05-08T11:47:07","guid":{"rendered":"https:\/\/radiojadranka.hr\/?p=12840"},"modified":"2025-05-08T14:47:50","modified_gmt":"2025-05-08T12:47:50","slug":"prednost-pri-ukrcaju-na-trajekt-od-1-7-i-stalno-smjesten-helikopter-na-losinju","status":"publish","type":"post","link":"https:\/\/radiojadranka.hr\/index.php\/2025\/05\/08\/prednost-pri-ukrcaju-na-trajekt-od-1-7-i-stalno-smjesten-helikopter-na-losinju\/","title":{"rendered":"Prednost pri ukrcaju na trajekt od 1.7. i stalno smje\u0161ten helikopter na Lo\u0161inju!"},"content":{"rendered":"<p><span class=\"selected\">Nakon pokazne vje\u017ebe spa\u0161avanja pre\u017eivjelih osoba pri padu zrakoplova, u kojoj su sudjelovale sve slu\u017ebe, a prisustvovali su potpredsjednici Vlade Republike Hrvatske, ministar Oleg Butkovi\u0107 i ministar Davor Bo\u017einovi\u0107, odr\u017eana je konferencija za medije.<\/span><\/p>\n<p><span class=\"selected\">Ministri su istaknuli novitete za oto\u010dko stanovni\u0161tvo. Ministar Butkovi\u0107 istaknuo je da\u00a0 po\u010dinje pilot projekt prednosti ukrcaja na trajekt, iniciran dugogodi\u0161njim te\u017enjama oto\u010dana te inicijativom &#8220;Projekt za trajekt&#8221; u\u010denika iz Cresa, koji je dobio podr\u0161ku gradova Cresa i Malog Lo\u0161inja. Prednost pri ukrcaju na trajekt oto\u010dani \u0107e imati od 1. srpnja, kada se planira zavr\u0161etak radova na prometnici luke Merag.\u00a0<\/span><\/p>\n<p><span class=\"selected\">Ministar Bo\u017einovi\u0107 je tako\u0111er najavio da \u0107e jedan novonabavljeni helikopter MUP-a, opremljen za prijevoz dvoje bolesnika i vitlom, biti stalno stacioniran na Lo\u0161inju, te \u0107e slu\u017eiti od Istre do po\u010detka Dalmacije&#8230;<\/span><\/p>\n<p>Poslu\u0161ajte izjave<\/p>\n\t<div class=\"qtmplayer-playlist-large\">\n\t\t<ul class=\"qtmplayer-playlist\">\n\t\t\t\n\t\t\t\t\t<li class=\"qtmplayer-trackitem qtmplayer-track-inpage\">\n\t\t<img decoding=\"async\" src=\"https:\/\/radiojadranka.hr\/wp-content\/uploads\/2025\/05\/image00023-1-100x100.jpeg\" alt=\"cover\">\t\t<span \t\t\tdata-qtmplayer-cover=\"https:\/\/radiojadranka.hr\/wp-content\/uploads\/2025\/05\/image00023-1-370x370.jpeg\"\n\t\t\t\t\t\tdata-qtmplayer-file=\"https:\/\/www.jadranka.hr\/sites\/jadranka.hr\/files\/upload\/080525butkovictrajektweb-1.mp3\"\n\t\t\t\t\t\tdata-qtmplayer-title=\"Prednost pri ukrcaju na trajekt od 1.7. i stalno smje\u0161ten helikopter na Lo\u0161inju!\"\n\t\t\t\t\t\tdata-qtmplayer-artist=\"Branko Domac\"\n\t\t\t\t\t\tdata-qtmplayer-link=\"https:\/\/radiojadranka.hr\/index.php\/2025\/05\/08\/prednost-pri-ukrcaju-na-trajekt-od-1-7-i-stalno-smjesten-helikopter-na-losinju\/\"\n\t\t\t\t\t\tdata-qtmplayer-icon=\"file_download\"\n\t\t\t\t\t\tdata-qtmplayer-type=\"track\"\n\t\t\t class=\"qtmplayer-play qtmplayer-link-sec qtmplayer-play-btn\"><i class='material-icons' aria-label=\"Play\">play_arrow<\/i><\/span>\n\t\t<p>\n\t\t\t<span class=\"qtmplayer-tit\">Prednost pri ukrcaju na trajekt od 1.7. i stalno smje\u0161ten helikopter na Lo\u0161inju!<\/span>\n\t\t\t<span class=\"qtmplayer-art\">Branko Domac<\/span>\n\t\t<\/p>\n\t<\/li>\n\t\t<\/ul>\n\t<\/div>\t\t\t\n\t\n\t<div class=\"qtmplayer-playlist-large\">\n\t\t<ul class=\"qtmplayer-playlist\">\n\t\t\t\n\t\t\t\t\t<li class=\"qtmplayer-trackitem qtmplayer-track-inpage\">\n\t\t<img decoding=\"async\" src=\"https:\/\/radiojadranka.hr\/wp-content\/uploads\/2025\/05\/image00023-1-100x100.jpeg\" alt=\"cover\">\t\t<span \t\t\tdata-qtmplayer-cover=\"https:\/\/radiojadranka.hr\/wp-content\/uploads\/2025\/05\/image00023-1-370x370.jpeg\"\n\t\t\t\t\t\tdata-qtmplayer-file=\"https:\/\/www.jadranka.hr\/sites\/jadranka.hr\/files\/upload\/080525butkovictrajektweb-1.mp3\"\n\t\t\t\t\t\tdata-qtmplayer-title=\"Prednost pri ukrcaju na trajekt od 1.7. i stalno smje\u0161ten helikopter na Lo\u0161inju!\"\n\t\t\t\t\t\tdata-qtmplayer-artist=\"Branko Domac\"\n\t\t\t\t\t\tdata-qtmplayer-link=\"https:\/\/radiojadranka.hr\/index.php\/2025\/05\/08\/prednost-pri-ukrcaju-na-trajekt-od-1-7-i-stalno-smjesten-helikopter-na-losinju\/\"\n\t\t\t\t\t\tdata-qtmplayer-icon=\"file_download\"\n\t\t\t\t\t\tdata-qtmplayer-type=\"track\"\n\t\t\t class=\"qtmplayer-play qtmplayer-link-sec qtmplayer-play-btn\"><i class='material-icons' aria-label=\"Play\">play_arrow<\/i><\/span>\n\t\t<p>\n\t\t\t<span class=\"qtmplayer-tit\">Prednost pri ukrcaju na trajekt od 1.7. i stalno smje\u0161ten helikopter na Lo\u0161inju!<\/span>\n\t\t\t<span class=\"qtmplayer-art\">Branko Domac<\/span>\n\t\t<\/p>\n\t<\/li>\n\t\t<\/ul>\n\t<\/div>\t\t\t\n\t\n<p>&nbsp;<\/p>\n<p><strong><span class=\"selected\">Na Lo\u0161inju, u uvali Kov\u010danje, odr\u017eanaje pokazna vje\u017eba potrage i spa\u0161avanja zrakoplova &#8220;ASAR 2025&#8221;.<\/span><\/strong><\/p>\n<p><span class=\"selected\">Cilj vje\u017ebe bio je simulirati potragu i spa\u0161avanje zrakoplova Dash 8 \u2013 Q 400, koji je prijavio tehni\u010dki kvar, zatra\u017eio hitno slijetanje, a potom je izgubljen kontakt i radio veza s njim.\u00a0 \u00a0 \u00a0 \u00a0 \u00a0 \u00a0 \u00a0 \u00a0 \u00a0 \u00a0 \u00a0 \u00a0 \u00a0 \u00a0 <\/span><span class=\"selected\">Vje\u017ebu su zajedni\u010dki organizirali Uprava sigurnosti plovidbe Ministarstva mora, prometa i infrastrukture i Ravnateljstvo civilne za\u0161tite Ministarstva unutarnjih poslova. Doga\u0111anju su prisustvovali potpredsjednik Vlade i ministar mora, prometa i infrastrukture Oleg Butkovi\u0107 te potpredsjednik Vlade i ministar unutarnjih poslova Davor Bo\u017einovi\u0107.<\/span><\/p>\n<p><span class=\"selected\">Tijekom vje\u017ebe testirane su procedure za pokretanje spasila\u010dke akcije, upu\u0107ivanje sudionika na lokaciju nesre\u0107e te koordinacija operativnih snaga i razmjena informacija izme\u0111u koordinatora akcije na kopnu i moru.<\/span><\/p>\n<p><span class=\"selected\">U vje\u017ebi su sudjelovali djelatnici:<\/span><\/p>\n<ul>\n<li><span class=\"selected\">Nacionalne sredi\u0161njice za uskla\u0111ivanje traganja i spa\u0161avanja na moru \u2013 Rijeka (MRCC)<\/span><\/li>\n<li><span class=\"selected\">Ravnateljstva civilne za\u0161tite<\/span><\/li>\n<li><span class=\"selected\">Ravnateljstva policije<\/span><\/li>\n<li><span class=\"selected\">Hrvatskog crvenog kri\u017ea<\/span><\/li>\n<li><span class=\"selected\">Ministarstva obrane<\/span><\/li>\n<li><span class=\"selected\">Hrvatske kontrole zra\u010dne plovidbe<\/span><\/li>\n<li><span class=\"selected\">Hrvatskog zavoda za hitnu medicinu<\/span><\/li>\n<li><span class=\"selected\">Hrvatske gorske slu\u017ebe spa\u0161avanja<\/span><\/li>\n<li><span class=\"selected\">Hrvatske vatrogasne zajednice<\/span><\/li>\n<\/ul>\n<div id='gallery-1' class='gallery galleryid-12840 gallery-columns-3 gallery-size-thumbnail'><figure class='gallery-item'>\n\t\t\t<div class='gallery-icon landscape'>\n\t\t\t\t<a href='https:\/\/radiojadranka.hr\/?attachment_id=12838'><img decoding=\"async\" width=\"150\" height=\"150\" src=\"https:\/\/radiojadranka.hr\/wp-content\/uploads\/2025\/05\/IMG20250508120149_01-150x150.jpg\" class=\"attachment-thumbnail size-thumbnail\" alt=\"\" srcset=\"https:\/\/radiojadranka.hr\/wp-content\/uploads\/2025\/05\/IMG20250508120149_01-150x150.jpg 150w, https:\/\/radiojadranka.hr\/wp-content\/uploads\/2025\/05\/IMG20250508120149_01-100x100.jpg 100w, https:\/\/radiojadranka.hr\/wp-content\/uploads\/2025\/05\/IMG20250508120149_01-370x370.jpg 370w\" sizes=\"(max-width: 150px) 100vw, 150px\" \/><\/a>\n\t\t\t<\/div><\/figure><figure class='gallery-item'>\n\t\t\t<div class='gallery-icon landscape'>\n\t\t\t\t<a href='https:\/\/radiojadranka.hr\/?attachment_id=12837'><img decoding=\"async\" width=\"150\" height=\"150\" src=\"https:\/\/radiojadranka.hr\/wp-content\/uploads\/2025\/05\/IMG20250508122158-150x150.jpg\" class=\"attachment-thumbnail size-thumbnail\" alt=\"\" srcset=\"https:\/\/radiojadranka.hr\/wp-content\/uploads\/2025\/05\/IMG20250508122158-150x150.jpg 150w, https:\/\/radiojadranka.hr\/wp-content\/uploads\/2025\/05\/IMG20250508122158-100x100.jpg 100w, https:\/\/radiojadranka.hr\/wp-content\/uploads\/2025\/05\/IMG20250508122158-370x370.jpg 370w\" sizes=\"(max-width: 150px) 100vw, 150px\" \/><\/a>\n\t\t\t<\/div><\/figure><figure class='gallery-item'>\n\t\t\t<div class='gallery-icon portrait'>\n\t\t\t\t<a href='https:\/\/radiojadranka.hr\/?attachment_id=12836'><img decoding=\"async\" width=\"150\" height=\"150\" src=\"https:\/\/radiojadranka.hr\/wp-content\/uploads\/2025\/05\/IMG20250508114526_01-150x150.jpg\" class=\"attachment-thumbnail size-thumbnail\" alt=\"\" srcset=\"https:\/\/radiojadranka.hr\/wp-content\/uploads\/2025\/05\/IMG20250508114526_01-150x150.jpg 150w, https:\/\/radiojadranka.hr\/wp-content\/uploads\/2025\/05\/IMG20250508114526_01-100x100.jpg 100w, https:\/\/radiojadranka.hr\/wp-content\/uploads\/2025\/05\/IMG20250508114526_01-370x370.jpg 370w\" sizes=\"(max-width: 150px) 100vw, 150px\" \/><\/a>\n\t\t\t<\/div><\/figure><figure class='gallery-item'>\n\t\t\t<div class='gallery-icon portrait'>\n\t\t\t\t<a href='https:\/\/radiojadranka.hr\/index.php\/2025\/05\/08\/prednost-pri-ukrcaju-na-trajekt-od-1-7-i-stalno-smjesten-helikopter-na-losinju\/img-20250508-wa0006\/'><img loading=\"lazy\" decoding=\"async\" width=\"150\" height=\"150\" src=\"https:\/\/radiojadranka.hr\/wp-content\/uploads\/2025\/05\/IMG-20250508-WA0006-150x150.jpg\" class=\"attachment-thumbnail size-thumbnail\" alt=\"\" srcset=\"https:\/\/radiojadranka.hr\/wp-content\/uploads\/2025\/05\/IMG-20250508-WA0006-150x150.jpg 150w, https:\/\/radiojadranka.hr\/wp-content\/uploads\/2025\/05\/IMG-20250508-WA0006-100x100.jpg 100w, https:\/\/radiojadranka.hr\/wp-content\/uploads\/2025\/05\/IMG-20250508-WA0006-370x370.jpg 370w\" sizes=\"(max-width: 150px) 100vw, 150px\" \/><\/a>\n\t\t\t<\/div><\/figure><figure class='gallery-item'>\n\t\t\t<div class='gallery-icon portrait'>\n\t\t\t\t<a href='https:\/\/radiojadranka.hr\/index.php\/2025\/05\/08\/prednost-pri-ukrcaju-na-trajekt-od-1-7-i-stalno-smjesten-helikopter-na-losinju\/img-20250508-wa0007\/'><img loading=\"lazy\" decoding=\"async\" width=\"150\" height=\"150\" src=\"https:\/\/radiojadranka.hr\/wp-content\/uploads\/2025\/05\/IMG-20250508-WA0007-150x150.jpg\" class=\"attachment-thumbnail size-thumbnail\" alt=\"\" srcset=\"https:\/\/radiojadranka.hr\/wp-content\/uploads\/2025\/05\/IMG-20250508-WA0007-150x150.jpg 150w, https:\/\/radiojadranka.hr\/wp-content\/uploads\/2025\/05\/IMG-20250508-WA0007-100x100.jpg 100w, https:\/\/radiojadranka.hr\/wp-content\/uploads\/2025\/05\/IMG-20250508-WA0007-370x370.jpg 370w\" sizes=\"(max-width: 150px) 100vw, 150px\" \/><\/a>\n\t\t\t<\/div><\/figure><figure class='gallery-item'>\n\t\t\t<div class='gallery-icon portrait'>\n\t\t\t\t<a href='https:\/\/radiojadranka.hr\/index.php\/2025\/05\/08\/prednost-pri-ukrcaju-na-trajekt-od-1-7-i-stalno-smjesten-helikopter-na-losinju\/img-20250508-wa0005\/'><img loading=\"lazy\" decoding=\"async\" width=\"150\" height=\"150\" src=\"https:\/\/radiojadranka.hr\/wp-content\/uploads\/2025\/05\/IMG-20250508-WA0005-150x150.jpg\" class=\"attachment-thumbnail size-thumbnail\" alt=\"\" srcset=\"https:\/\/radiojadranka.hr\/wp-content\/uploads\/2025\/05\/IMG-20250508-WA0005-150x150.jpg 150w, https:\/\/radiojadranka.hr\/wp-content\/uploads\/2025\/05\/IMG-20250508-WA0005-100x100.jpg 100w, https:\/\/radiojadranka.hr\/wp-content\/uploads\/2025\/05\/IMG-20250508-WA0005-370x370.jpg 370w\" sizes=\"(max-width: 150px) 100vw, 150px\" \/><\/a>\n\t\t\t<\/div><\/figure><figure class='gallery-item'>\n\t\t\t<div class='gallery-icon landscape'>\n\t\t\t\t<a href='https:\/\/radiojadranka.hr\/index.php\/2025\/05\/08\/prednost-pri-ukrcaju-na-trajekt-od-1-7-i-stalno-smjesten-helikopter-na-losinju\/img-20250508-wa0015\/'><img loading=\"lazy\" decoding=\"async\" width=\"150\" height=\"150\" src=\"https:\/\/radiojadranka.hr\/wp-content\/uploads\/2025\/05\/IMG-20250508-WA0015-150x150.jpg\" class=\"attachment-thumbnail size-thumbnail\" alt=\"\" srcset=\"https:\/\/radiojadranka.hr\/wp-content\/uploads\/2025\/05\/IMG-20250508-WA0015-150x150.jpg 150w, https:\/\/radiojadranka.hr\/wp-content\/uploads\/2025\/05\/IMG-20250508-WA0015-100x100.jpg 100w, https:\/\/radiojadranka.hr\/wp-content\/uploads\/2025\/05\/IMG-20250508-WA0015-370x370.jpg 370w\" sizes=\"(max-width: 150px) 100vw, 150px\" \/><\/a>\n\t\t\t<\/div><\/figure><figure class='gallery-item'>\n\t\t\t<div class='gallery-icon landscape'>\n\t\t\t\t<a href='https:\/\/radiojadranka.hr\/index.php\/2025\/05\/08\/prednost-pri-ukrcaju-na-trajekt-od-1-7-i-stalno-smjesten-helikopter-na-losinju\/img-20250508-wa0024\/'><img loading=\"lazy\" decoding=\"async\" width=\"150\" height=\"150\" src=\"https:\/\/radiojadranka.hr\/wp-content\/uploads\/2025\/05\/IMG-20250508-WA0024-150x150.jpg\" class=\"attachment-thumbnail size-thumbnail\" alt=\"\" srcset=\"https:\/\/radiojadranka.hr\/wp-content\/uploads\/2025\/05\/IMG-20250508-WA0024-150x150.jpg 150w, https:\/\/radiojadranka.hr\/wp-content\/uploads\/2025\/05\/IMG-20250508-WA0024-100x100.jpg 100w, https:\/\/radiojadranka.hr\/wp-content\/uploads\/2025\/05\/IMG-20250508-WA0024-370x370.jpg 370w\" sizes=\"(max-width: 150px) 100vw, 150px\" \/><\/a>\n\t\t\t<\/div><\/figure><figure class='gallery-item'>\n\t\t\t<div class='gallery-icon landscape'>\n\t\t\t\t<a href='https:\/\/radiojadranka.hr\/index.php\/2025\/05\/08\/prednost-pri-ukrcaju-na-trajekt-od-1-7-i-stalno-smjesten-helikopter-na-losinju\/oplus_2097152-9\/'><img loading=\"lazy\" decoding=\"async\" width=\"150\" height=\"150\" src=\"https:\/\/radiojadranka.hr\/wp-content\/uploads\/2025\/05\/IMG20250508112032-150x150.jpg\" class=\"attachment-thumbnail size-thumbnail\" alt=\"\" srcset=\"https:\/\/radiojadranka.hr\/wp-content\/uploads\/2025\/05\/IMG20250508112032-150x150.jpg 150w, https:\/\/radiojadranka.hr\/wp-content\/uploads\/2025\/05\/IMG20250508112032-100x100.jpg 100w, https:\/\/radiojadranka.hr\/wp-content\/uploads\/2025\/05\/IMG20250508112032-370x370.jpg 370w\" sizes=\"(max-width: 150px) 100vw, 150px\" \/><\/a>\n\t\t\t<\/div><\/figure><figure class='gallery-item'>\n\t\t\t<div class='gallery-icon landscape'>\n\t\t\t\t<a href='https:\/\/radiojadranka.hr\/index.php\/2025\/05\/08\/prednost-pri-ukrcaju-na-trajekt-od-1-7-i-stalno-smjesten-helikopter-na-losinju\/oplus_2097152-10\/'><img loading=\"lazy\" decoding=\"async\" width=\"150\" height=\"150\" src=\"https:\/\/radiojadranka.hr\/wp-content\/uploads\/2025\/05\/IMG20250508111825-150x150.jpg\" class=\"attachment-thumbnail size-thumbnail\" alt=\"\" srcset=\"https:\/\/radiojadranka.hr\/wp-content\/uploads\/2025\/05\/IMG20250508111825-150x150.jpg 150w, https:\/\/radiojadranka.hr\/wp-content\/uploads\/2025\/05\/IMG20250508111825-100x100.jpg 100w, https:\/\/radiojadranka.hr\/wp-content\/uploads\/2025\/05\/IMG20250508111825-370x370.jpg 370w\" sizes=\"(max-width: 150px) 100vw, 150px\" \/><\/a>\n\t\t\t<\/div><\/figure><figure class='gallery-item'>\n\t\t\t<div class='gallery-icon landscape'>\n\t\t\t\t<a href='https:\/\/radiojadranka.hr\/index.php\/2025\/05\/08\/prednost-pri-ukrcaju-na-trajekt-od-1-7-i-stalno-smjesten-helikopter-na-losinju\/oplus_0-7\/'><img loading=\"lazy\" decoding=\"async\" width=\"150\" height=\"150\" src=\"https:\/\/radiojadranka.hr\/wp-content\/uploads\/2025\/05\/IMG20250508111511-150x150.jpg\" class=\"attachment-thumbnail size-thumbnail\" alt=\"\" srcset=\"https:\/\/radiojadranka.hr\/wp-content\/uploads\/2025\/05\/IMG20250508111511-150x150.jpg 150w, https:\/\/radiojadranka.hr\/wp-content\/uploads\/2025\/05\/IMG20250508111511-100x100.jpg 100w, https:\/\/radiojadranka.hr\/wp-content\/uploads\/2025\/05\/IMG20250508111511-370x370.jpg 370w\" sizes=\"(max-width: 150px) 100vw, 150px\" \/><\/a>\n\t\t\t<\/div><\/figure><figure class='gallery-item'>\n\t\t\t<div class='gallery-icon landscape'>\n\t\t\t\t<a href='https:\/\/radiojadranka.hr\/index.php\/2025\/05\/08\/prednost-pri-ukrcaju-na-trajekt-od-1-7-i-stalno-smjesten-helikopter-na-losinju\/oplus_2097152-11\/'><img loading=\"lazy\" decoding=\"async\" width=\"150\" height=\"150\" src=\"https:\/\/radiojadranka.hr\/wp-content\/uploads\/2025\/05\/IMG20250508111910-150x150.jpg\" class=\"attachment-thumbnail size-thumbnail\" alt=\"\" srcset=\"https:\/\/radiojadranka.hr\/wp-content\/uploads\/2025\/05\/IMG20250508111910-150x150.jpg 150w, https:\/\/radiojadranka.hr\/wp-content\/uploads\/2025\/05\/IMG20250508111910-100x100.jpg 100w, https:\/\/radiojadranka.hr\/wp-content\/uploads\/2025\/05\/IMG20250508111910-370x370.jpg 370w\" sizes=\"(max-width: 150px) 100vw, 150px\" \/><\/a>\n\t\t\t<\/div><\/figure><figure class='gallery-item'>\n\t\t\t<div class='gallery-icon landscape'>\n\t\t\t\t<a href='https:\/\/radiojadranka.hr\/index.php\/2025\/05\/08\/prednost-pri-ukrcaju-na-trajekt-od-1-7-i-stalno-smjesten-helikopter-na-losinju\/oplus_2097152-12\/'><img loading=\"lazy\" decoding=\"async\" width=\"150\" height=\"150\" src=\"https:\/\/radiojadranka.hr\/wp-content\/uploads\/2025\/05\/IMG20250508111959-150x150.jpg\" class=\"attachment-thumbnail size-thumbnail\" alt=\"\" srcset=\"https:\/\/radiojadranka.hr\/wp-content\/uploads\/2025\/05\/IMG20250508111959-150x150.jpg 150w, https:\/\/radiojadranka.hr\/wp-content\/uploads\/2025\/05\/IMG20250508111959-100x100.jpg 100w, https:\/\/radiojadranka.hr\/wp-content\/uploads\/2025\/05\/IMG20250508111959-370x370.jpg 370w\" sizes=\"(max-width: 150px) 100vw, 150px\" \/><\/a>\n\t\t\t<\/div><\/figure>\n\t\t<\/div>\n\n","protected":false},"excerpt":{"rendered":"<p>Nakon pokazne vje\u017ebe spa\u0161avanja pre\u017eivjelih osoba pri padu zrakoplova, u kojoj su sudjelovale sve slu\u017ebe, a prisustvovali su potpredsjednici Vlade Republike Hrvatske, ministar Oleg Butkovi\u0107 i ministar Davor Bo\u017einovi\u0107, odr\u017eana je konferencija za medije. Ministri su istaknuli novitete za oto\u010dko stanovni\u0161tvo. Ministar Butkovi\u0107 istaknuo je da\u00a0 po\u010dinje pilot projekt prednosti ...<\/p>\n","protected":false},"author":2,"featured_media":12856,"comment_status":"closed","ping_status":"open","sticky":false,"template":"","format":"audio","meta":{"footnotes":""},"categories":[72],"tags":[],"class_list":["post-12840","post","type-post","status-publish","format-audio","has-post-thumbnail","hentry","category-vijesti","post_format-post-format-audio"],"aioseo_notices":[],"_links":{"self":[{"href":"https:\/\/radiojadranka.hr\/index.php\/wp-json\/wp\/v2\/posts\/12840","targetHints":{"allow":["GET"]}}],"collection":[{"href":"https:\/\/radiojadranka.hr\/index.php\/wp-json\/wp\/v2\/posts"}],"about":[{"href":"https:\/\/radiojadranka.hr\/index.php\/wp-json\/wp\/v2\/types\/post"}],"author":[{"embeddable":true,"href":"https:\/\/radiojadranka.hr\/index.php\/wp-json\/wp\/v2\/users\/2"}],"replies":[{"embeddable":true,"href":"https:\/\/radiojadranka.hr\/index.php\/wp-json\/wp\/v2\/comments?post=12840"}],"version-history":[{"count":5,"href":"https:\/\/radiojadranka.hr\/index.php\/wp-json\/wp\/v2\/posts\/12840\/revisions"}],"predecessor-version":[{"id":12847,"href":"https:\/\/radiojadranka.hr\/index.php\/wp-json\/wp\/v2\/posts\/12840\/revisions\/12847"}],"wp:featuredmedia":[{"embeddable":true,"href":"https:\/\/radiojadranka.hr\/index.php\/wp-json\/wp\/v2\/media\/12856"}],"wp:attachment":[{"href":"https:\/\/radiojadranka.hr\/index.php\/wp-json\/wp\/v2\/media?parent=12840"}],"wp:term":[{"taxonomy":"category","embeddable":true,"href":"https:\/\/radiojadranka.hr\/index.php\/wp-json\/wp\/v2\/categories?post=12840"},{"taxonomy":"post_tag","embeddable":true,"href":"https:\/\/radiojadranka.hr\/index.php\/wp-json\/wp\/v2\/tags?post=12840"}],"curies":[{"name":"wp","href":"https:\/\/api.w.org\/{rel}","templated":true}]}}