{"id":12824,"date":"2025-05-07T14:32:05","date_gmt":"2025-05-07T12:32:05","guid":{"rendered":"https:\/\/radiojadranka.hr\/?p=12824"},"modified":"2025-05-09T13:37:45","modified_gmt":"2025-05-09T11:37:45","slug":"ivica-lukanovic-kandidat-za-zupana-sdp-a-i-pgs-a-u-posjeti-cresu-i-losinjua","status":"publish","type":"post","link":"https:\/\/radiojadranka.hr\/index.php\/2025\/05\/07\/ivica-lukanovic-kandidat-za-zupana-sdp-a-i-pgs-a-u-posjeti-cresu-i-losinjua\/","title":{"rendered":"Ivica Lukanovi\u0107 kandidat za \u017eupana SDP-a i PGS-a u posjeti Cresu i Lo\u0161inju!"},"content":{"rendered":"<p>Ivica Lukanovi\u0107 kandidat za \u017eupana Primorsko &#8211; goranske \u017eupanije predstavio se gra\u0111anima na na\u0161im otocima. Gostovao je i u programu na\u0161eg radija.<\/p>\n<audio class=\"wp-audio-shortcode\" id=\"audio-12824-1\" preload=\"none\" style=\"width: 100%;\" controls=\"controls\"><source type=\"audio\/mpeg\" src=\"https:\/\/jadranka.hr\/sites\/jadranka.hr\/files\/upload\/070525lokalniizbori2025ivicalukanovic.mp3?_=1\" \/><a href=\"https:\/\/jadranka.hr\/sites\/jadranka.hr\/files\/upload\/070525lokalniizbori2025ivicalukanovic.mp3\">https:\/\/jadranka.hr\/sites\/jadranka.hr\/files\/upload\/070525lokalniizbori2025ivicalukanovic.mp3<\/a><\/audio>\n<p><img fetchpriority=\"high\" decoding=\"async\" class=\"alignnone size-medium wp-image-12826\" src=\"https:\/\/radiojadranka.hr\/wp-content\/uploads\/2025\/05\/IMG20250507134313_01-433x770.jpg\" alt=\"\" width=\"433\" height=\"770\" srcset=\"https:\/\/radiojadranka.hr\/wp-content\/uploads\/2025\/05\/IMG20250507134313_01-433x770.jpg 433w, https:\/\/radiojadranka.hr\/wp-content\/uploads\/2025\/05\/IMG20250507134313_01-658x1170.jpg 658w, https:\/\/radiojadranka.hr\/wp-content\/uploads\/2025\/05\/IMG20250507134313_01.jpg 691w\" sizes=\"(max-width: 433px) 100vw, 433px\" \/><\/p>\n","protected":false},"excerpt":{"rendered":"<p>Ivica Lukanovi\u0107 kandidat za \u017eupana Primorsko &#8211; goranske \u017eupanije predstavio se gra\u0111anima na na\u0161im otocima. Gostovao je i u programu na\u0161eg radija. https:\/\/jadranka.hr\/sites\/jadranka.hr\/files\/upload\/070525lokalniizbori2025ivicalukanovic.mp3<\/p>\n","protected":false},"author":2,"featured_media":12827,"comment_status":"closed","ping_status":"open","sticky":false,"template":"","format":"audio","meta":{"footnotes":""},"categories":[137,72],"tags":[],"class_list":["post-12824","post","type-post","status-publish","format-audio","has-post-thumbnail","hentry","category-lokalni-izbori-2025","category-vijesti","post_format-post-format-audio"],"aioseo_notices":[],"_links":{"self":[{"href":"https:\/\/radiojadranka.hr\/index.php\/wp-json\/wp\/v2\/posts\/12824","targetHints":{"allow":["GET"]}}],"collection":[{"href":"https:\/\/radiojadranka.hr\/index.php\/wp-json\/wp\/v2\/posts"}],"about":[{"href":"https:\/\/radiojadranka.hr\/index.php\/wp-json\/wp\/v2\/types\/post"}],"author":[{"embeddable":true,"href":"https:\/\/radiojadranka.hr\/index.php\/wp-json\/wp\/v2\/users\/2"}],"replies":[{"embeddable":true,"href":"https:\/\/radiojadranka.hr\/index.php\/wp-json\/wp\/v2\/comments?post=12824"}],"version-history":[{"count":1,"href":"https:\/\/radiojadranka.hr\/index.php\/wp-json\/wp\/v2\/posts\/12824\/revisions"}],"predecessor-version":[{"id":12828,"href":"https:\/\/radiojadranka.hr\/index.php\/wp-json\/wp\/v2\/posts\/12824\/revisions\/12828"}],"wp:featuredmedia":[{"embeddable":true,"href":"https:\/\/radiojadranka.hr\/index.php\/wp-json\/wp\/v2\/media\/12827"}],"wp:attachment":[{"href":"https:\/\/radiojadranka.hr\/index.php\/wp-json\/wp\/v2\/media?parent=12824"}],"wp:term":[{"taxonomy":"category","embeddable":true,"href":"https:\/\/radiojadranka.hr\/index.php\/wp-json\/wp\/v2\/categories?post=12824"},{"taxonomy":"post_tag","embeddable":true,"href":"https:\/\/radiojadranka.hr\/index.php\/wp-json\/wp\/v2\/tags?post=12824"}],"curies":[{"name":"wp","href":"https:\/\/api.w.org\/{rel}","templated":true}]}}