{"id":12818,"date":"2025-05-07T14:18:51","date_gmt":"2025-05-07T12:18:51","guid":{"rendered":"https:\/\/radiojadranka.hr\/?p=12818"},"modified":"2025-05-07T14:23:30","modified_gmt":"2025-05-07T12:23:30","slug":"sandro-puncet-putuje-u-sad-loviti-tornadaaa","status":"publish","type":"post","link":"https:\/\/radiojadranka.hr\/index.php\/2025\/05\/07\/sandro-puncet-putuje-u-sad-loviti-tornadaaa\/","title":{"rendered":"Sandro Puncet putuje u SAD loviti tornada!"},"content":{"rendered":"<p>Sandro Puncet, na\u0161 proslavljeni i nagra\u0111ivani fotograf lovac na oluje i dobre fotografije, zvhvaljuju\u0107i svojoj ljubavi &#8211; fotografiji putuje u Ameriku u lov na tornada. Na putovanju \u0107e ga pratiti supruga Eminu. Za ovaj izazov, nabavljena je nova fotografska oprema, a po povratku o\u010dekujemo i izlo\u017ebu. Jutros je u na\u0161em studiju Sandro razgovarao s Enom&#8230; Poslu\u0161ajte zanimljivi razgovor!<\/p>\n<audio class=\"wp-audio-shortcode\" id=\"audio-12818-1\" preload=\"none\" style=\"width: 100%;\" controls=\"controls\"><source type=\"audio\/mpeg\" src=\"https:\/\/jadranka.hr\/sites\/jadranka.hr\/files\/upload\/070525rspsandropuncet.mp3?_=1\" \/><a href=\"https:\/\/jadranka.hr\/sites\/jadranka.hr\/files\/upload\/070525rspsandropuncet.mp3\">https:\/\/jadranka.hr\/sites\/jadranka.hr\/files\/upload\/070525rspsandropuncet.mp3<\/a><\/audio>\n<p><img fetchpriority=\"high\" decoding=\"async\" class=\"alignnone size-medium wp-image-12819\" src=\"https:\/\/radiojadranka.hr\/wp-content\/uploads\/2025\/05\/IMG-20250507-WA0008-620x770.jpg\" alt=\"\" width=\"620\" height=\"770\" srcset=\"https:\/\/radiojadranka.hr\/wp-content\/uploads\/2025\/05\/IMG-20250507-WA0008-620x770.jpg 620w, https:\/\/radiojadranka.hr\/wp-content\/uploads\/2025\/05\/IMG-20250507-WA0008-942x1170.jpg 942w, https:\/\/radiojadranka.hr\/wp-content\/uploads\/2025\/05\/IMG-20250507-WA0008-768x954.jpg 768w, https:\/\/radiojadranka.hr\/wp-content\/uploads\/2025\/05\/IMG-20250507-WA0008-1236x1536.jpg 1236w, https:\/\/radiojadranka.hr\/wp-content\/uploads\/2025\/05\/IMG-20250507-WA0008.jpg 1288w\" sizes=\"(max-width: 620px) 100vw, 620px\" \/><\/p>\n<p>&nbsp;<\/p>\n","protected":false},"excerpt":{"rendered":"<p>Sandro Puncet, na\u0161 proslavljeni i nagra\u0111ivani fotograf lovac na oluje i dobre fotografije, zvhvaljuju\u0107i svojoj ljubavi &#8211; fotografiji putuje u Ameriku u lov na tornada. Na putovanju \u0107e ga pratiti supruga Eminu. Za ovaj izazov, nabavljena je nova fotografska oprema, a po povratku o\u010dekujemo i izlo\u017ebu. Jutros je u na\u0161em ...<\/p>\n","protected":false},"author":2,"featured_media":12823,"comment_status":"closed","ping_status":"open","sticky":false,"template":"","format":"audio","meta":{"footnotes":""},"categories":[72],"tags":[],"class_list":["post-12818","post","type-post","status-publish","format-audio","has-post-thumbnail","hentry","category-vijesti","post_format-post-format-audio"],"aioseo_notices":[],"_links":{"self":[{"href":"https:\/\/radiojadranka.hr\/index.php\/wp-json\/wp\/v2\/posts\/12818","targetHints":{"allow":["GET"]}}],"collection":[{"href":"https:\/\/radiojadranka.hr\/index.php\/wp-json\/wp\/v2\/posts"}],"about":[{"href":"https:\/\/radiojadranka.hr\/index.php\/wp-json\/wp\/v2\/types\/post"}],"author":[{"embeddable":true,"href":"https:\/\/radiojadranka.hr\/index.php\/wp-json\/wp\/v2\/users\/2"}],"replies":[{"embeddable":true,"href":"https:\/\/radiojadranka.hr\/index.php\/wp-json\/wp\/v2\/comments?post=12818"}],"version-history":[{"count":2,"href":"https:\/\/radiojadranka.hr\/index.php\/wp-json\/wp\/v2\/posts\/12818\/revisions"}],"predecessor-version":[{"id":12821,"href":"https:\/\/radiojadranka.hr\/index.php\/wp-json\/wp\/v2\/posts\/12818\/revisions\/12821"}],"wp:featuredmedia":[{"embeddable":true,"href":"https:\/\/radiojadranka.hr\/index.php\/wp-json\/wp\/v2\/media\/12823"}],"wp:attachment":[{"href":"https:\/\/radiojadranka.hr\/index.php\/wp-json\/wp\/v2\/media?parent=12818"}],"wp:term":[{"taxonomy":"category","embeddable":true,"href":"https:\/\/radiojadranka.hr\/index.php\/wp-json\/wp\/v2\/categories?post=12818"},{"taxonomy":"post_tag","embeddable":true,"href":"https:\/\/radiojadranka.hr\/index.php\/wp-json\/wp\/v2\/tags?post=12818"}],"curies":[{"name":"wp","href":"https:\/\/api.w.org\/{rel}","templated":true}]}}