{"id":12804,"date":"2025-05-06T13:55:32","date_gmt":"2025-05-06T11:55:32","guid":{"rendered":"https:\/\/radiojadranka.hr\/?p=12804"},"modified":"2025-05-06T13:57:52","modified_gmt":"2025-05-06T11:57:52","slug":"ana-kucic-kandidatkinja-hdz-a-i-hss-a-za-gradonacelnicu-malog-losinja-predstavila-je-svoj-predizborni-program-i-kandidate-za-gradsko-vijece","status":"publish","type":"post","link":"https:\/\/radiojadranka.hr\/index.php\/2025\/05\/06\/ana-kucic-kandidatkinja-hdz-a-i-hss-a-za-gradonacelnicu-malog-losinja-predstavila-je-svoj-predizborni-program-i-kandidate-za-gradsko-vijece\/","title":{"rendered":"Ana Ku\u010di\u0107 predstavila je svoj predizborni program i kandidate za Gradsko vije\u0107e"},"content":{"rendered":"<p>Ana Ku\u010di\u0107 je najavila skori zavr\u0161etak dogradnje dje\u010djeg vrti\u0107a u Malom Lo\u0161inju te uvo\u0111enje logopedske podr\u0161ke online. Za umirovljenike je najavila sufinanciranje smje\u0161taja u domovima, besplatno parkiranje, financiranje gastroskopije i kolonoskopije na Lo\u0161inju te besplatne sistematske preglede, kao i stipendiranje specijalizacije mladih lije\u010dnika uz obvezu rada na otoku. Kao mogu\u0107u lokaciju za novi Dom zdravlja, navela je Dra\u017eicu. U podru\u010dju stanogradnje spomenula je modele sufinanciranja i lokacije Bukovica i Jamina, uz priznanje da dosad nije u\u010dinjeno dovoljno. U sportu, najavila je natkrivanje bazena u kampu &#8220;\u010cikat&#8221; u suradnji s &#8220;Jadrankom&#8221;.<\/p>\n<p>Predstavljanje je odr\u017eano u Beleju. Poslu\u0161ajte predstavljanje i konferenciju za medije u cijelosti&#8230;<\/p>\n<audio class=\"wp-audio-shortcode\" id=\"audio-12804-1\" preload=\"none\" style=\"width: 100%;\" controls=\"controls\"><source type=\"audio\/mpeg\" src=\"https:\/\/jadranka.hr\/sites\/jadranka.hr\/files\/upload\/050525predstavljanjehdzianakucicbelej.mp3?_=1\" \/><a href=\"https:\/\/jadranka.hr\/sites\/jadranka.hr\/files\/upload\/050525predstavljanjehdzianakucicbelej.mp3\">https:\/\/jadranka.hr\/sites\/jadranka.hr\/files\/upload\/050525predstavljanjehdzianakucicbelej.mp3<\/a><\/audio>\n<div id='gallery-1' class='gallery galleryid-12804 gallery-columns-3 gallery-size-thumbnail'><figure class='gallery-item'>\n\t\t\t<div class='gallery-icon landscape'>\n\t\t\t\t<a href='https:\/\/radiojadranka.hr\/index.php\/2025\/05\/06\/ana-kucic-kandidatkinja-hdz-a-i-hss-a-za-gradonacelnicu-malog-losinja-predstavila-je-svoj-predizborni-program-i-kandidate-za-gradsko-vijece\/img20250505181741-1\/'><img decoding=\"async\" width=\"150\" height=\"150\" src=\"https:\/\/radiojadranka.hr\/wp-content\/uploads\/2025\/05\/IMG20250505181741-1-150x150.jpg\" class=\"attachment-thumbnail size-thumbnail\" alt=\"\" srcset=\"https:\/\/radiojadranka.hr\/wp-content\/uploads\/2025\/05\/IMG20250505181741-1-150x150.jpg 150w, https:\/\/radiojadranka.hr\/wp-content\/uploads\/2025\/05\/IMG20250505181741-1-100x100.jpg 100w, https:\/\/radiojadranka.hr\/wp-content\/uploads\/2025\/05\/IMG20250505181741-1-370x370.jpg 370w\" sizes=\"(max-width: 150px) 100vw, 150px\" \/><\/a>\n\t\t\t<\/div><\/figure><figure class='gallery-item'>\n\t\t\t<div class='gallery-icon landscape'>\n\t\t\t\t<a href='https:\/\/radiojadranka.hr\/index.php\/2025\/05\/06\/ana-kucic-kandidatkinja-hdz-a-i-hss-a-za-gradonacelnicu-malog-losinja-predstavila-je-svoj-predizborni-program-i-kandidate-za-gradsko-vijece\/img20250505190113-1\/'><img decoding=\"async\" width=\"150\" height=\"150\" src=\"https:\/\/radiojadranka.hr\/wp-content\/uploads\/2025\/05\/IMG20250505190113-1-150x150.jpg\" class=\"attachment-thumbnail size-thumbnail\" alt=\"\" srcset=\"https:\/\/radiojadranka.hr\/wp-content\/uploads\/2025\/05\/IMG20250505190113-1-150x150.jpg 150w, https:\/\/radiojadranka.hr\/wp-content\/uploads\/2025\/05\/IMG20250505190113-1-100x100.jpg 100w, https:\/\/radiojadranka.hr\/wp-content\/uploads\/2025\/05\/IMG20250505190113-1-370x370.jpg 370w\" sizes=\"(max-width: 150px) 100vw, 150px\" \/><\/a>\n\t\t\t<\/div><\/figure><figure class='gallery-item'>\n\t\t\t<div class='gallery-icon landscape'>\n\t\t\t\t<a href='https:\/\/radiojadranka.hr\/index.php\/2025\/05\/06\/ana-kucic-kandidatkinja-hdz-a-i-hss-a-za-gradonacelnicu-malog-losinja-predstavila-je-svoj-predizborni-program-i-kandidate-za-gradsko-vijece\/img20250505190032-1\/'><img decoding=\"async\" width=\"150\" height=\"150\" src=\"https:\/\/radiojadranka.hr\/wp-content\/uploads\/2025\/05\/IMG20250505190032-1-150x150.jpg\" class=\"attachment-thumbnail size-thumbnail\" alt=\"\" srcset=\"https:\/\/radiojadranka.hr\/wp-content\/uploads\/2025\/05\/IMG20250505190032-1-150x150.jpg 150w, https:\/\/radiojadranka.hr\/wp-content\/uploads\/2025\/05\/IMG20250505190032-1-100x100.jpg 100w, https:\/\/radiojadranka.hr\/wp-content\/uploads\/2025\/05\/IMG20250505190032-1-370x370.jpg 370w\" sizes=\"(max-width: 150px) 100vw, 150px\" \/><\/a>\n\t\t\t<\/div><\/figure><figure class='gallery-item'>\n\t\t\t<div class='gallery-icon landscape'>\n\t\t\t\t<a href='https:\/\/radiojadranka.hr\/index.php\/2025\/05\/06\/ana-kucic-kandidatkinja-hdz-a-i-hss-a-za-gradonacelnicu-malog-losinja-predstavila-je-svoj-predizborni-program-i-kandidate-za-gradsko-vijece\/img20250505185135-1\/'><img loading=\"lazy\" decoding=\"async\" width=\"150\" height=\"150\" src=\"https:\/\/radiojadranka.hr\/wp-content\/uploads\/2025\/05\/IMG20250505185135-1-150x150.jpg\" class=\"attachment-thumbnail size-thumbnail\" alt=\"\" srcset=\"https:\/\/radiojadranka.hr\/wp-content\/uploads\/2025\/05\/IMG20250505185135-1-150x150.jpg 150w, https:\/\/radiojadranka.hr\/wp-content\/uploads\/2025\/05\/IMG20250505185135-1-100x100.jpg 100w, https:\/\/radiojadranka.hr\/wp-content\/uploads\/2025\/05\/IMG20250505185135-1-370x370.jpg 370w\" sizes=\"(max-width: 150px) 100vw, 150px\" \/><\/a>\n\t\t\t<\/div><\/figure>\n\t\t<\/div>\n\n","protected":false},"excerpt":{"rendered":"<p>Ana Ku\u010di\u0107 je najavila skori zavr\u0161etak dogradnje dje\u010djeg vrti\u0107a u Malom Lo\u0161inju te uvo\u0111enje logopedske podr\u0161ke online. Za umirovljenike je najavila sufinanciranje smje\u0161taja u domovima, besplatno parkiranje, financiranje gastroskopije i kolonoskopije na Lo\u0161inju te besplatne sistematske preglede, kao i stipendiranje specijalizacije mladih lije\u010dnika uz obvezu rada na otoku. Kao mogu\u0107u ...<\/p>\n","protected":false},"author":2,"featured_media":12806,"comment_status":"closed","ping_status":"open","sticky":false,"template":"","format":"audio","meta":{"footnotes":""},"categories":[72],"tags":[],"class_list":["post-12804","post","type-post","status-publish","format-audio","has-post-thumbnail","hentry","category-vijesti","post_format-post-format-audio"],"aioseo_notices":[],"_links":{"self":[{"href":"https:\/\/radiojadranka.hr\/index.php\/wp-json\/wp\/v2\/posts\/12804","targetHints":{"allow":["GET"]}}],"collection":[{"href":"https:\/\/radiojadranka.hr\/index.php\/wp-json\/wp\/v2\/posts"}],"about":[{"href":"https:\/\/radiojadranka.hr\/index.php\/wp-json\/wp\/v2\/types\/post"}],"author":[{"embeddable":true,"href":"https:\/\/radiojadranka.hr\/index.php\/wp-json\/wp\/v2\/users\/2"}],"replies":[{"embeddable":true,"href":"https:\/\/radiojadranka.hr\/index.php\/wp-json\/wp\/v2\/comments?post=12804"}],"version-history":[{"count":5,"href":"https:\/\/radiojadranka.hr\/index.php\/wp-json\/wp\/v2\/posts\/12804\/revisions"}],"predecessor-version":[{"id":12813,"href":"https:\/\/radiojadranka.hr\/index.php\/wp-json\/wp\/v2\/posts\/12804\/revisions\/12813"}],"wp:featuredmedia":[{"embeddable":true,"href":"https:\/\/radiojadranka.hr\/index.php\/wp-json\/wp\/v2\/media\/12806"}],"wp:attachment":[{"href":"https:\/\/radiojadranka.hr\/index.php\/wp-json\/wp\/v2\/media?parent=12804"}],"wp:term":[{"taxonomy":"category","embeddable":true,"href":"https:\/\/radiojadranka.hr\/index.php\/wp-json\/wp\/v2\/categories?post=12804"},{"taxonomy":"post_tag","embeddable":true,"href":"https:\/\/radiojadranka.hr\/index.php\/wp-json\/wp\/v2\/tags?post=12804"}],"curies":[{"name":"wp","href":"https:\/\/api.w.org\/{rel}","templated":true}]}}