{"id":12797,"date":"2025-05-05T13:25:55","date_gmt":"2025-05-05T11:25:55","guid":{"rendered":"https:\/\/radiojadranka.hr\/?p=12797"},"modified":"2025-05-05T13:25:55","modified_gmt":"2025-05-05T11:25:55","slug":"mario-frankovic-na-konferenciji-za-medije-prestavio-izborni-program","status":"publish","type":"post","link":"https:\/\/radiojadranka.hr\/index.php\/2025\/05\/05\/mario-frankovic-na-konferenciji-za-medije-prestavio-izborni-program\/","title":{"rendered":"Mario Frankovi\u0107 na konferenciji za medije prestavio izborni program!"},"content":{"rendered":"<p>Kandidat za gradona\u010delnika Mario Frankovi\u0107 i njegova nezavisna lista, danas su medijima predstavili svoj program. Uz Maria Frankovi\u0107a na pressici su sudjelovali \u017deljko \u0160o\u0161a, Ivan Koharovi\u0107, Vini Ve\u0161kovi\u0107 i Marko Hesky.\u00a0 Poslu\u0161ajte snimku u cijelosti&#8230;<\/p>\n<audio class=\"wp-audio-shortcode\" id=\"audio-12797-1\" preload=\"none\" style=\"width: 100%;\" controls=\"controls\"><source type=\"audio\/mpeg\" src=\"https:\/\/www.jadranka.hr\/sites\/jadranka.hr\/files\/upload\/050525konferencijazamedijenezavisnalistamariofrankovic.mp3?_=1\" \/><a href=\"https:\/\/www.jadranka.hr\/sites\/jadranka.hr\/files\/upload\/050525konferencijazamedijenezavisnalistamariofrankovic.mp3\">https:\/\/www.jadranka.hr\/sites\/jadranka.hr\/files\/upload\/050525konferencijazamedijenezavisnalistamariofrankovic.mp3<\/a><\/audio>\n<p><img fetchpriority=\"high\" decoding=\"async\" class=\"alignnone size-medium wp-image-12798\" src=\"https:\/\/radiojadranka.hr\/wp-content\/uploads\/2025\/05\/IMG-20250505-WA0007-770x578.jpg\" alt=\"\" width=\"770\" height=\"578\" srcset=\"https:\/\/radiojadranka.hr\/wp-content\/uploads\/2025\/05\/IMG-20250505-WA0007-770x578.jpg 770w, https:\/\/radiojadranka.hr\/wp-content\/uploads\/2025\/05\/IMG-20250505-WA0007-1170x878.jpg 1170w, https:\/\/radiojadranka.hr\/wp-content\/uploads\/2025\/05\/IMG-20250505-WA0007-768x576.jpg 768w, https:\/\/radiojadranka.hr\/wp-content\/uploads\/2025\/05\/IMG-20250505-WA0007-1536x1152.jpg 1536w, https:\/\/radiojadranka.hr\/wp-content\/uploads\/2025\/05\/IMG-20250505-WA0007.jpg 2048w\" sizes=\"(max-width: 770px) 100vw, 770px\" \/><\/p>\n","protected":false},"excerpt":{"rendered":"<p>Kandidat za gradona\u010delnika Mario Frankovi\u0107 i njegova nezavisna lista, danas su medijima predstavili svoj program. Uz Maria Frankovi\u0107a na pressici su sudjelovali \u017deljko \u0160o\u0161a, Ivan Koharovi\u0107, Vini Ve\u0161kovi\u0107 i Marko Hesky.\u00a0 Poslu\u0161ajte snimku u cijelosti&#8230; https:\/\/www.jadranka.hr\/sites\/jadranka.hr\/files\/upload\/050525konferencijazamedijenezavisnalistamariofrankovic.mp3<\/p>\n","protected":false},"author":2,"featured_media":12798,"comment_status":"closed","ping_status":"open","sticky":false,"template":"","format":"audio","meta":{"footnotes":""},"categories":[72],"tags":[],"class_list":["post-12797","post","type-post","status-publish","format-audio","has-post-thumbnail","hentry","category-vijesti","post_format-post-format-audio"],"aioseo_notices":[],"_links":{"self":[{"href":"https:\/\/radiojadranka.hr\/index.php\/wp-json\/wp\/v2\/posts\/12797","targetHints":{"allow":["GET"]}}],"collection":[{"href":"https:\/\/radiojadranka.hr\/index.php\/wp-json\/wp\/v2\/posts"}],"about":[{"href":"https:\/\/radiojadranka.hr\/index.php\/wp-json\/wp\/v2\/types\/post"}],"author":[{"embeddable":true,"href":"https:\/\/radiojadranka.hr\/index.php\/wp-json\/wp\/v2\/users\/2"}],"replies":[{"embeddable":true,"href":"https:\/\/radiojadranka.hr\/index.php\/wp-json\/wp\/v2\/comments?post=12797"}],"version-history":[{"count":1,"href":"https:\/\/radiojadranka.hr\/index.php\/wp-json\/wp\/v2\/posts\/12797\/revisions"}],"predecessor-version":[{"id":12799,"href":"https:\/\/radiojadranka.hr\/index.php\/wp-json\/wp\/v2\/posts\/12797\/revisions\/12799"}],"wp:featuredmedia":[{"embeddable":true,"href":"https:\/\/radiojadranka.hr\/index.php\/wp-json\/wp\/v2\/media\/12798"}],"wp:attachment":[{"href":"https:\/\/radiojadranka.hr\/index.php\/wp-json\/wp\/v2\/media?parent=12797"}],"wp:term":[{"taxonomy":"category","embeddable":true,"href":"https:\/\/radiojadranka.hr\/index.php\/wp-json\/wp\/v2\/categories?post=12797"},{"taxonomy":"post_tag","embeddable":true,"href":"https:\/\/radiojadranka.hr\/index.php\/wp-json\/wp\/v2\/tags?post=12797"}],"curies":[{"name":"wp","href":"https:\/\/api.w.org\/{rel}","templated":true}]}}