{"id":12789,"date":"2025-05-01T11:12:18","date_gmt":"2025-05-01T09:12:18","guid":{"rendered":"https:\/\/radiojadranka.hr\/?p=12789"},"modified":"2025-05-01T11:12:18","modified_gmt":"2025-05-01T09:12:18","slug":"sdp-i-pgs-ojacani-nezavisnom-predstavili-se-za-gradsko-vijece-malog-losinja","status":"publish","type":"post","link":"https:\/\/radiojadranka.hr\/index.php\/2025\/05\/01\/sdp-i-pgs-ojacani-nezavisnom-predstavili-se-za-gradsko-vijece-malog-losinja\/","title":{"rendered":"SDP i PGS oja\u010dani nezavisnom predstavili se za Gradsko vije\u0107e Malog Lo\u0161inja"},"content":{"rendered":"<p>Nakon \u010detiri godine, ponovno na izbore izlaze SDP i PGS oja\u010dani nestrana\u010dkom listom koju predvodi Jerko Ku\u0161eta. Ova lista za gradsko vije\u0107e nema svog kandidata za gradona\u010delnika a o\u010dekuju programe kandidata kako bi tek tada iskazali svoju podr\u0161ku. Na ovoj pressici predstavili su se prvih \u010detvoro s liste Jerko Ku\u0161eta, Na\u0111a Boji\u0107 Kesar, Damjan Stani\u0107 i Monika Mio\u010di\u0107.<br \/>\n&#8220;Fokusiramo se na Gradsko vije\u0107e, nudimo konstruktivnost, civiliziranost i afirmativnu kampanju, \u0161to o\u010dekujemo i od drugih, kako bismo sutra mogli zajedno raditi za dobrobit Grada. Dosada\u0161nje sjednice Gradskog vije\u0107e, zakonodavnog tijela grada bile su sve samo ne primjer demokracije. \u017delimo i to promijeniti&#8221;, rekao je Ku\u0161eta.<br \/>\nNa\u0111a Boji\u0107 Kesar je istaknula va\u017enost dobrih me\u0111uljudskih odnosa unutar liste, dok je Monika Mio\u010di\u0107 naglasila da \u0107e se zalagati za pobolj\u0161anje uvjeta i podizanje pla\u0107a na zakonom obvezanu razinu u pred\u0161kolskom odgoju i obrazovanju, kao i za pitanja vezana uz djecu i mlade. Damjan Stani\u0107 je najavio da \u0107e se fokusirati na kulturu i umjetnost, te da \u0107e se zalagati za to da se sjednice Gradskog vije\u0107a ne odr\u017eavaju u Muzeju Apoksiomena.<br \/>\nPoslu\u0161ajte u cijelosti konferenciju za medije.<\/p>\n<p><iframe title=\"300425 Sdp Pgs Jk Lo\u0161inj\" width=\"100%\" height=\"120\" src=\"https:\/\/www.mixcloud.com\/widget\/iframe\/?feed=https%3A%2F%2Fwww.mixcloud.com%2Fradio_jadranka%2F300425-sdp-pgs-jk-lo%25C5%25A1inj%2F&amp;hide_cover=1\" frameborder=\"0\"><\/iframe><\/p>\n<div id='gallery-1' class='gallery galleryid-12789 gallery-columns-3 gallery-size-thumbnail'><figure class='gallery-item'>\n\t\t\t<div class='gallery-icon landscape'>\n\t\t\t\t<a href='https:\/\/radiojadranka.hr\/index.php\/2025\/05\/01\/otvoreno-95-000-eura-vrijedno-djecje-igraliste-u-zagrebackoj-uliciee\/img20250430163105-1\/'><img decoding=\"async\" width=\"150\" height=\"150\" src=\"https:\/\/radiojadranka.hr\/wp-content\/uploads\/2025\/05\/IMG20250430163105-1-150x150.jpg\" class=\"attachment-thumbnail size-thumbnail\" alt=\"\" srcset=\"https:\/\/radiojadranka.hr\/wp-content\/uploads\/2025\/05\/IMG20250430163105-1-150x150.jpg 150w, https:\/\/radiojadranka.hr\/wp-content\/uploads\/2025\/05\/IMG20250430163105-1-100x100.jpg 100w, https:\/\/radiojadranka.hr\/wp-content\/uploads\/2025\/05\/IMG20250430163105-1-370x370.jpg 370w\" sizes=\"(max-width: 150px) 100vw, 150px\" \/><\/a>\n\t\t\t<\/div><\/figure><figure class='gallery-item'>\n\t\t\t<div class='gallery-icon portrait'>\n\t\t\t\t<a href='https:\/\/radiojadranka.hr\/index.php\/2025\/05\/01\/otvoreno-95-000-eura-vrijedno-djecje-igraliste-u-zagrebackoj-uliciee\/img20250430163637-1\/'><img decoding=\"async\" width=\"150\" height=\"150\" src=\"https:\/\/radiojadranka.hr\/wp-content\/uploads\/2025\/05\/IMG20250430163637-1-150x150.jpg\" class=\"attachment-thumbnail size-thumbnail\" alt=\"\" srcset=\"https:\/\/radiojadranka.hr\/wp-content\/uploads\/2025\/05\/IMG20250430163637-1-150x150.jpg 150w, https:\/\/radiojadranka.hr\/wp-content\/uploads\/2025\/05\/IMG20250430163637-1-100x100.jpg 100w, https:\/\/radiojadranka.hr\/wp-content\/uploads\/2025\/05\/IMG20250430163637-1-370x370.jpg 370w\" sizes=\"(max-width: 150px) 100vw, 150px\" \/><\/a>\n\t\t\t<\/div><\/figure><figure class='gallery-item'>\n\t\t\t<div class='gallery-icon portrait'>\n\t\t\t\t<a href='https:\/\/radiojadranka.hr\/index.php\/2025\/05\/01\/otvoreno-95-000-eura-vrijedno-djecje-igraliste-u-zagrebackoj-uliciee\/img20250430163944_01-1\/'><img decoding=\"async\" width=\"150\" height=\"150\" src=\"https:\/\/radiojadranka.hr\/wp-content\/uploads\/2025\/05\/IMG20250430163944_01-1-150x150.jpg\" class=\"attachment-thumbnail size-thumbnail\" alt=\"\" srcset=\"https:\/\/radiojadranka.hr\/wp-content\/uploads\/2025\/05\/IMG20250430163944_01-1-150x150.jpg 150w, https:\/\/radiojadranka.hr\/wp-content\/uploads\/2025\/05\/IMG20250430163944_01-1-100x100.jpg 100w, https:\/\/radiojadranka.hr\/wp-content\/uploads\/2025\/05\/IMG20250430163944_01-1-370x370.jpg 370w\" sizes=\"(max-width: 150px) 100vw, 150px\" \/><\/a>\n\t\t\t<\/div><\/figure><figure class='gallery-item'>\n\t\t\t<div class='gallery-icon landscape'>\n\t\t\t\t<a href='https:\/\/radiojadranka.hr\/index.php\/2025\/05\/01\/otvoreno-95-000-eura-vrijedno-djecje-igraliste-u-zagrebackoj-uliciee\/img20250430163203-1\/'><img loading=\"lazy\" decoding=\"async\" width=\"150\" height=\"150\" src=\"https:\/\/radiojadranka.hr\/wp-content\/uploads\/2025\/05\/IMG20250430163203-1-150x150.jpg\" class=\"attachment-thumbnail size-thumbnail\" alt=\"\" srcset=\"https:\/\/radiojadranka.hr\/wp-content\/uploads\/2025\/05\/IMG20250430163203-1-150x150.jpg 150w, https:\/\/radiojadranka.hr\/wp-content\/uploads\/2025\/05\/IMG20250430163203-1-100x100.jpg 100w, https:\/\/radiojadranka.hr\/wp-content\/uploads\/2025\/05\/IMG20250430163203-1-370x370.jpg 370w\" sizes=\"(max-width: 150px) 100vw, 150px\" \/><\/a>\n\t\t\t<\/div><\/figure>\n\t\t<\/div>\n\n","protected":false},"excerpt":{"rendered":"<p>Nakon \u010detiri godine, ponovno na izbore izlaze SDP i PGS oja\u010dani nestrana\u010dkom listom koju predvodi Jerko Ku\u0161eta. Ova lista za gradsko vije\u0107e nema svog kandidata za gradona\u010delnika a o\u010dekuju programe kandidata kako bi tek tada iskazali svoju podr\u0161ku. Na ovoj pressici predstavili su se prvih \u010detvoro s liste Jerko Ku\u0161eta, ...<\/p>\n","protected":false},"author":2,"featured_media":12778,"comment_status":"closed","ping_status":"open","sticky":false,"template":"","format":"audio","meta":{"footnotes":""},"categories":[72],"tags":[],"class_list":["post-12789","post","type-post","status-publish","format-audio","has-post-thumbnail","hentry","category-vijesti","post_format-post-format-audio"],"aioseo_notices":[],"_links":{"self":[{"href":"https:\/\/radiojadranka.hr\/index.php\/wp-json\/wp\/v2\/posts\/12789","targetHints":{"allow":["GET"]}}],"collection":[{"href":"https:\/\/radiojadranka.hr\/index.php\/wp-json\/wp\/v2\/posts"}],"about":[{"href":"https:\/\/radiojadranka.hr\/index.php\/wp-json\/wp\/v2\/types\/post"}],"author":[{"embeddable":true,"href":"https:\/\/radiojadranka.hr\/index.php\/wp-json\/wp\/v2\/users\/2"}],"replies":[{"embeddable":true,"href":"https:\/\/radiojadranka.hr\/index.php\/wp-json\/wp\/v2\/comments?post=12789"}],"version-history":[{"count":1,"href":"https:\/\/radiojadranka.hr\/index.php\/wp-json\/wp\/v2\/posts\/12789\/revisions"}],"predecessor-version":[{"id":12790,"href":"https:\/\/radiojadranka.hr\/index.php\/wp-json\/wp\/v2\/posts\/12789\/revisions\/12790"}],"wp:featuredmedia":[{"embeddable":true,"href":"https:\/\/radiojadranka.hr\/index.php\/wp-json\/wp\/v2\/media\/12778"}],"wp:attachment":[{"href":"https:\/\/radiojadranka.hr\/index.php\/wp-json\/wp\/v2\/media?parent=12789"}],"wp:term":[{"taxonomy":"category","embeddable":true,"href":"https:\/\/radiojadranka.hr\/index.php\/wp-json\/wp\/v2\/categories?post=12789"},{"taxonomy":"post_tag","embeddable":true,"href":"https:\/\/radiojadranka.hr\/index.php\/wp-json\/wp\/v2\/tags?post=12789"}],"curies":[{"name":"wp","href":"https:\/\/api.w.org\/{rel}","templated":true}]}}