{"id":12762,"date":"2025-04-30T14:16:07","date_gmt":"2025-04-30T12:16:07","guid":{"rendered":"https:\/\/radiojadranka.hr\/?p=12762"},"modified":"2025-04-30T14:16:32","modified_gmt":"2025-04-30T12:16:32","slug":"objavljene-kandidacijske-liste-za-gradsko-vijece-i-za-gradonacelnka-odnosno-gradonacelnice-malog-losinja","status":"publish","type":"post","link":"https:\/\/radiojadranka.hr\/index.php\/2025\/04\/30\/objavljene-kandidacijske-liste-za-gradsko-vijece-i-za-gradonacelnka-odnosno-gradonacelnice-malog-losinja\/","title":{"rendered":"Objavljene kandidacijske liste za Gradsko vije\u0107e i za gradona\u010delnka odnosno gradona\u010delnice Malog Lo\u0161inja!"},"content":{"rendered":"<p>Nakon \u0161to su predane kandidacijske liste i\u00a0 nominacije za gradona\u010delnika odnosno gradona\u010delnicu, Gradsko izborno povjerenstvo objavilo je zbirne liste kandidata za predstoje\u0107e lokalne izbore koji \u0107e se odr\u017eati u nedjelju 18. svibnja 2025.<\/p>\n<p><img fetchpriority=\"high\" decoding=\"async\" class=\"alignnone size-medium wp-image-12764\" src=\"https:\/\/radiojadranka.hr\/wp-content\/uploads\/2025\/04\/Zbirna-lista-kandidata-za-gradonacelnika-538x770.jpg\" alt=\"\" width=\"538\" height=\"770\" srcset=\"https:\/\/radiojadranka.hr\/wp-content\/uploads\/2025\/04\/Zbirna-lista-kandidata-za-gradonacelnika-538x770.jpg 538w, https:\/\/radiojadranka.hr\/wp-content\/uploads\/2025\/04\/Zbirna-lista-kandidata-za-gradonacelnika.jpg 670w\" sizes=\"(max-width: 538px) 100vw, 538px\" \/> <img decoding=\"async\" class=\"alignnone size-medium wp-image-12765\" src=\"https:\/\/radiojadranka.hr\/wp-content\/uploads\/2025\/04\/Zbirna-lista-kandidacijskih-lista-1-538x770.jpg\" alt=\"\" width=\"538\" height=\"770\" srcset=\"https:\/\/radiojadranka.hr\/wp-content\/uploads\/2025\/04\/Zbirna-lista-kandidacijskih-lista-1-538x770.jpg 538w, https:\/\/radiojadranka.hr\/wp-content\/uploads\/2025\/04\/Zbirna-lista-kandidacijskih-lista-1.jpg 673w\" sizes=\"(max-width: 538px) 100vw, 538px\" \/><\/p>\n","protected":false},"excerpt":{"rendered":"<p>Nakon \u0161to su predane kandidacijske liste i\u00a0 nominacije za gradona\u010delnika odnosno gradona\u010delnicu, Gradsko izborno povjerenstvo objavilo je zbirne liste kandidata za predstoje\u0107e lokalne izbore koji \u0107e se odr\u017eati u nedjelju 18. svibnja 2025.<\/p>\n","protected":false},"author":2,"featured_media":12764,"comment_status":"closed","ping_status":"open","sticky":false,"template":"","format":"audio","meta":{"footnotes":""},"categories":[72],"tags":[],"class_list":["post-12762","post","type-post","status-publish","format-audio","has-post-thumbnail","hentry","category-vijesti","post_format-post-format-audio"],"aioseo_notices":[],"_links":{"self":[{"href":"https:\/\/radiojadranka.hr\/index.php\/wp-json\/wp\/v2\/posts\/12762","targetHints":{"allow":["GET"]}}],"collection":[{"href":"https:\/\/radiojadranka.hr\/index.php\/wp-json\/wp\/v2\/posts"}],"about":[{"href":"https:\/\/radiojadranka.hr\/index.php\/wp-json\/wp\/v2\/types\/post"}],"author":[{"embeddable":true,"href":"https:\/\/radiojadranka.hr\/index.php\/wp-json\/wp\/v2\/users\/2"}],"replies":[{"embeddable":true,"href":"https:\/\/radiojadranka.hr\/index.php\/wp-json\/wp\/v2\/comments?post=12762"}],"version-history":[{"count":1,"href":"https:\/\/radiojadranka.hr\/index.php\/wp-json\/wp\/v2\/posts\/12762\/revisions"}],"predecessor-version":[{"id":12766,"href":"https:\/\/radiojadranka.hr\/index.php\/wp-json\/wp\/v2\/posts\/12762\/revisions\/12766"}],"wp:featuredmedia":[{"embeddable":true,"href":"https:\/\/radiojadranka.hr\/index.php\/wp-json\/wp\/v2\/media\/12764"}],"wp:attachment":[{"href":"https:\/\/radiojadranka.hr\/index.php\/wp-json\/wp\/v2\/media?parent=12762"}],"wp:term":[{"taxonomy":"category","embeddable":true,"href":"https:\/\/radiojadranka.hr\/index.php\/wp-json\/wp\/v2\/categories?post=12762"},{"taxonomy":"post_tag","embeddable":true,"href":"https:\/\/radiojadranka.hr\/index.php\/wp-json\/wp\/v2\/tags?post=12762"}],"curies":[{"name":"wp","href":"https:\/\/api.w.org\/{rel}","templated":true}]}}