{"id":12755,"date":"2025-04-29T15:13:17","date_gmt":"2025-04-29T13:13:17","guid":{"rendered":"https:\/\/radiojadranka.hr\/?p=12755"},"modified":"2025-04-29T15:30:41","modified_gmt":"2025-04-29T13:30:41","slug":"nedjeljko-nedo-pinezic-kandidat-za-zupana-podrzao-koaliciju-ids-hns-uk","status":"publish","type":"post","link":"https:\/\/radiojadranka.hr\/index.php\/2025\/04\/29\/nedjeljko-nedo-pinezic-kandidat-za-zupana-podrzao-koaliciju-ids-hns-uk\/","title":{"rendered":"Nedjeljko Nedo Pinezi\u0107 kandidat za \u017eupana, podr\u017eao koaliciju IDS &#8211; HNS &#8211; UK"},"content":{"rendered":"<p>IDS, HNS i Unija Kvarnera (UK) potpisali su koalicijski sporazum te su ne\u0161to kasnije predali zajedni\u010dku listu kandidatkinja i kandidata za Gradsko vije\u0107e. Ove tri stranke ne\u0107e imati svog izravnog kandidata za gradona\u010delnika.<\/p>\n<p>Na listi se nalaze: Andrino Maglievaz, Elvis \u017divkovi\u0107, Eleonora \u0160inti\u0107-Russin, Dijana \u0160anti\u0107, David Murlja\u010di\u0107, Ivan Jerman, Damir Mlacovi\u0107, Steno Viduli\u0107, Anna Maria Sagani\u0107, Sandra Picini\u0107, Dragana Milosavljevi\u0107, Danijela Mrkonji\u0107 i Mladenko Kuljani\u0107.<\/p>\n<p>Neposredno pred potpisivanje sporazuma, odr\u017eana je konferencija za medije, gdje su govorili nositelj liste Andrino Maglievaz IDS, Elvis \u017divkovi\u0107 HNS, \u00a0te \u0110anino Su\u010di\u0107 i Nedo Pinezi\u0107 iz Unije Kvarnera. Pinezi\u0107 je ujedno kandidat kojeg ove stranke podr\u017eavaju u utrci za primorsko-goranskog \u017eupana. Poslu\u0161ajte izjave, a na na\u0161oj web stranici mo\u017eete poslu\u0161ati konferenciju za medije u cijelosti.<\/p>\n<p>Prilog Maglievaz, \u017divkovi\u0107, Su\u010di\u0107 i Pinezi\u0107\u2026.<\/p>\n<p>Poslu\u0161ajte snimku konferencije za medije&#8230;.<\/p>\n<p><iframe title=\"290425 Predstavljanje Koalicije Ids Hns Uk\" width=\"100%\" height=\"120\" src=\"https:\/\/www.mixcloud.com\/widget\/iframe\/?feed=https%3A%2F%2Fwww.mixcloud.com%2Fradio_jadranka%2F290425-predstavljanje-koalicije-ids-hns-uk%2F&amp;hide_cover=1\" frameborder=\"0\"><\/iframe><\/p>\n<p><img fetchpriority=\"high\" decoding=\"async\" class=\"alignnone size-medium wp-image-12757\" src=\"https:\/\/radiojadranka.hr\/wp-content\/uploads\/2025\/04\/IMG20250429115025-1-770x433.jpg\" alt=\"\" width=\"770\" height=\"433\" srcset=\"https:\/\/radiojadranka.hr\/wp-content\/uploads\/2025\/04\/IMG20250429115025-1-770x433.jpg 770w, https:\/\/radiojadranka.hr\/wp-content\/uploads\/2025\/04\/IMG20250429115025-1-1170x658.jpg 1170w, https:\/\/radiojadranka.hr\/wp-content\/uploads\/2025\/04\/IMG20250429115025-1-768x432.jpg 768w, https:\/\/radiojadranka.hr\/wp-content\/uploads\/2025\/04\/IMG20250429115025-1.jpg 1200w\" sizes=\"(max-width: 770px) 100vw, 770px\" \/><\/p>\n","protected":false},"excerpt":{"rendered":"<p>IDS, HNS i Unija Kvarnera (UK) potpisali su koalicijski sporazum te su ne\u0161to kasnije predali zajedni\u010dku listu kandidatkinja i kandidata za Gradsko vije\u0107e. Ove tri stranke ne\u0107e imati svog izravnog kandidata za gradona\u010delnika. Na listi se nalaze: Andrino Maglievaz, Elvis \u017divkovi\u0107, Eleonora \u0160inti\u0107-Russin, Dijana \u0160anti\u0107, David Murlja\u010di\u0107, Ivan Jerman, Damir ...<\/p>\n","protected":false},"author":2,"featured_media":12756,"comment_status":"closed","ping_status":"open","sticky":false,"template":"","format":"audio","meta":{"footnotes":""},"categories":[72],"tags":[],"class_list":["post-12755","post","type-post","status-publish","format-audio","has-post-thumbnail","hentry","category-vijesti","post_format-post-format-audio"],"aioseo_notices":[],"_links":{"self":[{"href":"https:\/\/radiojadranka.hr\/index.php\/wp-json\/wp\/v2\/posts\/12755","targetHints":{"allow":["GET"]}}],"collection":[{"href":"https:\/\/radiojadranka.hr\/index.php\/wp-json\/wp\/v2\/posts"}],"about":[{"href":"https:\/\/radiojadranka.hr\/index.php\/wp-json\/wp\/v2\/types\/post"}],"author":[{"embeddable":true,"href":"https:\/\/radiojadranka.hr\/index.php\/wp-json\/wp\/v2\/users\/2"}],"replies":[{"embeddable":true,"href":"https:\/\/radiojadranka.hr\/index.php\/wp-json\/wp\/v2\/comments?post=12755"}],"version-history":[{"count":4,"href":"https:\/\/radiojadranka.hr\/index.php\/wp-json\/wp\/v2\/posts\/12755\/revisions"}],"predecessor-version":[{"id":12761,"href":"https:\/\/radiojadranka.hr\/index.php\/wp-json\/wp\/v2\/posts\/12755\/revisions\/12761"}],"wp:featuredmedia":[{"embeddable":true,"href":"https:\/\/radiojadranka.hr\/index.php\/wp-json\/wp\/v2\/media\/12756"}],"wp:attachment":[{"href":"https:\/\/radiojadranka.hr\/index.php\/wp-json\/wp\/v2\/media?parent=12755"}],"wp:term":[{"taxonomy":"category","embeddable":true,"href":"https:\/\/radiojadranka.hr\/index.php\/wp-json\/wp\/v2\/categories?post=12755"},{"taxonomy":"post_tag","embeddable":true,"href":"https:\/\/radiojadranka.hr\/index.php\/wp-json\/wp\/v2\/tags?post=12755"}],"curies":[{"name":"wp","href":"https:\/\/api.w.org\/{rel}","templated":true}]}}