{"id":12752,"date":"2025-04-29T15:06:29","date_gmt":"2025-04-29T13:06:29","guid":{"rendered":"https:\/\/radiojadranka.hr\/?p=12752"},"modified":"2025-04-29T15:06:29","modified_gmt":"2025-04-29T13:06:29","slug":"djelatnik-koji-je-upravljao-sluzbenim-policijskim-vozilom-bit-ce-sankcioniran-sukladno-vazecim-propisima","status":"publish","type":"post","link":"https:\/\/radiojadranka.hr\/index.php\/2025\/04\/29\/djelatnik-koji-je-upravljao-sluzbenim-policijskim-vozilom-bit-ce-sankcioniran-sukladno-vazecim-propisima\/","title":{"rendered":"Djelatnik\u00a0koji je upravljao slu\u017ebenim policijskim vozilom bit \u0107e\u00a0 sankcioniran sukladno va\u017ee\u0107im propisima"},"content":{"rendered":"<h3>Prenosimo informaciju Policijske uprave Primorsko-goranske<\/h3>\n<p>FOTO: ilustracija<\/p>\n<p>Na mjestu\u00a0<a href=\"https:\/\/primorsko-goranska-policija.gov.hr\/vijesti\/prometna-nesreca-kod-nerezina\/32933\">prometne nesre\u0107e koja se dogodila ju\u010der, 28. travnja oko 10.10 sati na dr\u017eavnoj cesti DC 100<\/a>\u00a0u blizini Nerezina na otoku Lo\u0161inju, policijski slu\u017ebenici proveli su o\u010devid kojim je rukovodila zamjenica op\u0107inske dr\u017eavne odvjetnice iz Rijeke.<\/p>\n<p>U prometnoj nesre\u0107i sudjelovalo je slu\u017ebeno policijsko vozilo, kojim je za vrijeme slu\u017ebe upravljao\u00a0djelatnik\u00a0mjesno nadle\u017ene policijske postaje, dok je\u00a0na suvoza\u010dkom mjestu bio\u00a0drugi\u00a0policijski slu\u017ebenik.<\/p>\n<p>Upravljaju\u0107i slu\u017ebenim vozilom,\u00a0spomenuti\u00a0djelatnik\u00a0je pretjecao druga vozila na mjestu gdje to nije dozvoljeno te je prilikom vra\u0107anja u prometnu traku, slu\u017ebenim vozilom udario u teretno vozilo rije\u010dkih registracijskih oznaka, koje je usporavalo radi skretanja. Uslijed udara teretno vozilo prevrnulo se na bok.<\/p>\n<p>Voza\u010du teretnog vozila te voza\u010du i suvoza\u010du iz slu\u017ebenog policijskog vozila pru\u017eena je lije\u010dni\u010dka pomo\u0107 u KBC Rijeka.<\/p>\n<p>Od 10.10 do 17.30 sati promet ovom dionicom je bio u prekidu te preusmjeren kroz mjesto Nerezine.<\/p>\n<p>Po zavr\u0161etku postupanja policije,\u00a0djelatnik\u00a0koji je upravljao slu\u017ebenim policijskim vozilom bit \u0107e\u00a0 sankcioniran sukladno va\u017ee\u0107im propisima.<\/p>\n<p>Zbog postojanja sumnje u povredu slu\u017ebene du\u017enosti,\u00a0u tijeku je utvr\u0111ivanje \u010dinjenica radi dono\u0161enja odluke o\u00a0podno\u0161enju zahtjeva za pokretanjem disciplinskog postupka.<\/p>\n<p>&nbsp;<\/p>\n<p><img fetchpriority=\"high\" decoding=\"async\" class=\"alignnone size-full wp-image-12753\" src=\"https:\/\/radiojadranka.hr\/wp-content\/uploads\/2025\/04\/prometna09.jpg\" alt=\"\" width=\"750\" height=\"500\" \/><\/p>\n<p>&nbsp;<\/p>\n","protected":false},"excerpt":{"rendered":"<p>Prenosimo informaciju Policijske uprave Primorsko-goranske FOTO: ilustracija Na mjestu\u00a0prometne nesre\u0107e koja se dogodila ju\u010der, 28. travnja oko 10.10 sati na dr\u017eavnoj cesti DC 100\u00a0u blizini Nerezina na otoku Lo\u0161inju, policijski slu\u017ebenici proveli su o\u010devid kojim je rukovodila zamjenica op\u0107inske dr\u017eavne odvjetnice iz Rijeke. U prometnoj nesre\u0107i sudjelovalo je slu\u017ebeno policijsko ...<\/p>\n","protected":false},"author":2,"featured_media":12753,"comment_status":"closed","ping_status":"open","sticky":false,"template":"","format":"audio","meta":{"footnotes":""},"categories":[72],"tags":[],"class_list":["post-12752","post","type-post","status-publish","format-audio","has-post-thumbnail","hentry","category-vijesti","post_format-post-format-audio"],"aioseo_notices":[],"_links":{"self":[{"href":"https:\/\/radiojadranka.hr\/index.php\/wp-json\/wp\/v2\/posts\/12752","targetHints":{"allow":["GET"]}}],"collection":[{"href":"https:\/\/radiojadranka.hr\/index.php\/wp-json\/wp\/v2\/posts"}],"about":[{"href":"https:\/\/radiojadranka.hr\/index.php\/wp-json\/wp\/v2\/types\/post"}],"author":[{"embeddable":true,"href":"https:\/\/radiojadranka.hr\/index.php\/wp-json\/wp\/v2\/users\/2"}],"replies":[{"embeddable":true,"href":"https:\/\/radiojadranka.hr\/index.php\/wp-json\/wp\/v2\/comments?post=12752"}],"version-history":[{"count":1,"href":"https:\/\/radiojadranka.hr\/index.php\/wp-json\/wp\/v2\/posts\/12752\/revisions"}],"predecessor-version":[{"id":12754,"href":"https:\/\/radiojadranka.hr\/index.php\/wp-json\/wp\/v2\/posts\/12752\/revisions\/12754"}],"wp:featuredmedia":[{"embeddable":true,"href":"https:\/\/radiojadranka.hr\/index.php\/wp-json\/wp\/v2\/media\/12753"}],"wp:attachment":[{"href":"https:\/\/radiojadranka.hr\/index.php\/wp-json\/wp\/v2\/media?parent=12752"}],"wp:term":[{"taxonomy":"category","embeddable":true,"href":"https:\/\/radiojadranka.hr\/index.php\/wp-json\/wp\/v2\/categories?post=12752"},{"taxonomy":"post_tag","embeddable":true,"href":"https:\/\/radiojadranka.hr\/index.php\/wp-json\/wp\/v2\/tags?post=12752"}],"curies":[{"name":"wp","href":"https:\/\/api.w.org\/{rel}","templated":true}]}}