{"id":12742,"date":"2025-04-25T13:31:57","date_gmt":"2025-04-25T11:31:57","guid":{"rendered":"https:\/\/radiojadranka.hr\/?p=12742"},"modified":"2025-04-25T13:31:57","modified_gmt":"2025-04-25T11:31:57","slug":"the-isolano-grad-cres-dobio-je-prvi-hotel-s-5-zvjezdica","status":"publish","type":"post","link":"https:\/\/radiojadranka.hr\/index.php\/2025\/04\/25\/the-isolano-grad-cres-dobio-je-prvi-hotel-s-5-zvjezdica\/","title":{"rendered":"The Isolano &#8211; Grad Cres dobio je prvi hotel s 5 zvjezdica!"},"content":{"rendered":"<p><span class=\"selected\">Na sve\u010danom otvorenju, odr\u017eanom ju\u010der, vrpcu su u nazo\u010dnosti uzvanika prerezali vlasnik Nikola Avram i njegov sin Luka.<\/span><\/p>\n<p><span class=\"selected\">Nakon nastupa klape Teha i folklornog dru\u0161tva Orlec, uslijedili su govori. Prvo se obratio vlasnik hotela, Nikola Avram, koji je zahvalio svima koji su sudjelovali u realizaciji projekta. Potom su govorili Pankaj Birla, potpredsjednik Marriott Internationala za isto\u010dnu Europu, gradona\u010delnik grada Cresa Marin Gregorovi\u0107, direktorica TZ Kvarnera Irena Per\u0161i\u0107 \u017divadinov, zamjenica \u017eupana Marina Medari\u0107 i predstavnik Ministarstva turizma Robert Pende.<\/span><\/p>\n<p><span class=\"selected\">The Isolano je prvi hotel u Hrvatskoj iz presti\u017enog Marriottovog brenda Autograph Collection. Ima 49 soba, dva vanjska bazena, pla\u017eno podru\u010dje s barom, iznimnu gastronomsku ponudu i wellness centar.<\/span><\/p>\n<p>Mi smo razgovarali s \u017deljkom Sta\u0161i\u0107 direktoricom turisti\u010dke zajednice Cres, te smo najavili predstoje\u0107e manifestacije na otoku Cresu&#8230; poslu\u0161ajte<\/p>\n<p><iframe title=\"250425 Zeljka Stasic Tz Cres\" width=\"100%\" height=\"120\" src=\"https:\/\/www.mixcloud.com\/widget\/iframe\/?feed=https%3A%2F%2Fwww.mixcloud.com%2Fradio_jadranka%2F250425-zeljka-stasic-tz-cres%2F&amp;hide_cover=1\" frameborder=\"0\"><\/iframe><\/p>\n<div id='gallery-1' class='gallery galleryid-12742 gallery-columns-3 gallery-size-thumbnail'><figure class='gallery-item'>\n\t\t\t<div class='gallery-icon landscape'>\n\t\t\t\t<a href='https:\/\/radiojadranka.hr\/index.php\/2025\/04\/25\/the-isolano-grad-cres-dobio-je-prvi-hotel-s-5-zvjezdica\/cres_lamb_and_cheese_festival-6_dominik_bus\/'><img decoding=\"async\" width=\"150\" height=\"150\" src=\"https:\/\/radiojadranka.hr\/wp-content\/uploads\/2025\/04\/Cres_lamb_and_cheese_festival-6_Dominik_Bus-150x150.jpg\" class=\"attachment-thumbnail size-thumbnail\" alt=\"\" srcset=\"https:\/\/radiojadranka.hr\/wp-content\/uploads\/2025\/04\/Cres_lamb_and_cheese_festival-6_Dominik_Bus-150x150.jpg 150w, https:\/\/radiojadranka.hr\/wp-content\/uploads\/2025\/04\/Cres_lamb_and_cheese_festival-6_Dominik_Bus-100x100.jpg 100w, https:\/\/radiojadranka.hr\/wp-content\/uploads\/2025\/04\/Cres_lamb_and_cheese_festival-6_Dominik_Bus-370x370.jpg 370w\" sizes=\"(max-width: 150px) 100vw, 150px\" \/><\/a>\n\t\t\t<\/div><\/figure><figure class='gallery-item'>\n\t\t\t<div class='gallery-icon landscape'>\n\t\t\t\t<a href='https:\/\/radiojadranka.hr\/index.php\/2025\/04\/25\/the-isolano-grad-cres-dobio-je-prvi-hotel-s-5-zvjezdica\/cres_lamb_and_cheese_festival-5_dominik_bus\/'><img decoding=\"async\" width=\"150\" height=\"150\" src=\"https:\/\/radiojadranka.hr\/wp-content\/uploads\/2025\/04\/Cres_lamb_and_cheese_festival-5_Dominik_Bus-150x150.jpg\" class=\"attachment-thumbnail size-thumbnail\" alt=\"\" srcset=\"https:\/\/radiojadranka.hr\/wp-content\/uploads\/2025\/04\/Cres_lamb_and_cheese_festival-5_Dominik_Bus-150x150.jpg 150w, https:\/\/radiojadranka.hr\/wp-content\/uploads\/2025\/04\/Cres_lamb_and_cheese_festival-5_Dominik_Bus-100x100.jpg 100w, https:\/\/radiojadranka.hr\/wp-content\/uploads\/2025\/04\/Cres_lamb_and_cheese_festival-5_Dominik_Bus-370x370.jpg 370w\" sizes=\"(max-width: 150px) 100vw, 150px\" \/><\/a>\n\t\t\t<\/div><\/figure><figure class='gallery-item'>\n\t\t\t<div class='gallery-icon landscape'>\n\t\t\t\t<a href='https:\/\/radiojadranka.hr\/index.php\/2025\/04\/25\/the-isolano-grad-cres-dobio-je-prvi-hotel-s-5-zvjezdica\/cres_lamb_and_cheese_festival-3_dominik_bus\/'><img decoding=\"async\" width=\"150\" height=\"150\" src=\"https:\/\/radiojadranka.hr\/wp-content\/uploads\/2025\/04\/Cres_lamb_and_cheese_festival-3_Dominik_Bus-150x150.jpg\" class=\"attachment-thumbnail size-thumbnail\" alt=\"\" srcset=\"https:\/\/radiojadranka.hr\/wp-content\/uploads\/2025\/04\/Cres_lamb_and_cheese_festival-3_Dominik_Bus-150x150.jpg 150w, https:\/\/radiojadranka.hr\/wp-content\/uploads\/2025\/04\/Cres_lamb_and_cheese_festival-3_Dominik_Bus-100x100.jpg 100w, https:\/\/radiojadranka.hr\/wp-content\/uploads\/2025\/04\/Cres_lamb_and_cheese_festival-3_Dominik_Bus-370x370.jpg 370w\" sizes=\"(max-width: 150px) 100vw, 150px\" \/><\/a>\n\t\t\t<\/div><\/figure><figure class='gallery-item'>\n\t\t\t<div class='gallery-icon landscape'>\n\t\t\t\t<a href='https:\/\/radiojadranka.hr\/index.php\/2025\/04\/25\/the-isolano-grad-cres-dobio-je-prvi-hotel-s-5-zvjezdica\/cres_lamb_and_cheese_festival-1_dominik_bus\/'><img loading=\"lazy\" decoding=\"async\" width=\"150\" height=\"150\" src=\"https:\/\/radiojadranka.hr\/wp-content\/uploads\/2025\/04\/Cres_lamb_and_cheese_festival-1_Dominik_Bus-150x150.jpg\" class=\"attachment-thumbnail size-thumbnail\" alt=\"\" srcset=\"https:\/\/radiojadranka.hr\/wp-content\/uploads\/2025\/04\/Cres_lamb_and_cheese_festival-1_Dominik_Bus-150x150.jpg 150w, https:\/\/radiojadranka.hr\/wp-content\/uploads\/2025\/04\/Cres_lamb_and_cheese_festival-1_Dominik_Bus-100x100.jpg 100w, https:\/\/radiojadranka.hr\/wp-content\/uploads\/2025\/04\/Cres_lamb_and_cheese_festival-1_Dominik_Bus-370x370.jpg 370w\" sizes=\"(max-width: 150px) 100vw, 150px\" \/><\/a>\n\t\t\t<\/div><\/figure><figure class='gallery-item'>\n\t\t\t<div class='gallery-icon landscape'>\n\t\t\t\t<a href='https:\/\/radiojadranka.hr\/index.php\/2025\/04\/25\/the-isolano-grad-cres-dobio-je-prvi-hotel-s-5-zvjezdica\/cres_lamb_and_cheese_festival\/'><img loading=\"lazy\" decoding=\"async\" width=\"150\" height=\"150\" src=\"https:\/\/radiojadranka.hr\/wp-content\/uploads\/2025\/04\/Cres_lamb_and_cheese_festival-150x150.jpg\" class=\"attachment-thumbnail size-thumbnail\" alt=\"\" srcset=\"https:\/\/radiojadranka.hr\/wp-content\/uploads\/2025\/04\/Cres_lamb_and_cheese_festival-150x150.jpg 150w, https:\/\/radiojadranka.hr\/wp-content\/uploads\/2025\/04\/Cres_lamb_and_cheese_festival-100x100.jpg 100w, https:\/\/radiojadranka.hr\/wp-content\/uploads\/2025\/04\/Cres_lamb_and_cheese_festival-370x370.jpg 370w\" sizes=\"(max-width: 150px) 100vw, 150px\" \/><\/a>\n\t\t\t<\/div><\/figure>\n\t\t<\/div>\n\n","protected":false},"excerpt":{"rendered":"<p>Na sve\u010danom otvorenju, odr\u017eanom ju\u010der, vrpcu su u nazo\u010dnosti uzvanika prerezali vlasnik Nikola Avram i njegov sin Luka. Nakon nastupa klape Teha i folklornog dru\u0161tva Orlec, uslijedili su govori. Prvo se obratio vlasnik hotela, Nikola Avram, koji je zahvalio svima koji su sudjelovali u realizaciji projekta. Potom su govorili Pankaj ...<\/p>\n","protected":false},"author":2,"featured_media":12745,"comment_status":"closed","ping_status":"open","sticky":false,"template":"","format":"audio","meta":{"footnotes":""},"categories":[72],"tags":[],"class_list":["post-12742","post","type-post","status-publish","format-audio","has-post-thumbnail","hentry","category-vijesti","post_format-post-format-audio"],"aioseo_notices":[],"_links":{"self":[{"href":"https:\/\/radiojadranka.hr\/index.php\/wp-json\/wp\/v2\/posts\/12742","targetHints":{"allow":["GET"]}}],"collection":[{"href":"https:\/\/radiojadranka.hr\/index.php\/wp-json\/wp\/v2\/posts"}],"about":[{"href":"https:\/\/radiojadranka.hr\/index.php\/wp-json\/wp\/v2\/types\/post"}],"author":[{"embeddable":true,"href":"https:\/\/radiojadranka.hr\/index.php\/wp-json\/wp\/v2\/users\/2"}],"replies":[{"embeddable":true,"href":"https:\/\/radiojadranka.hr\/index.php\/wp-json\/wp\/v2\/comments?post=12742"}],"version-history":[{"count":1,"href":"https:\/\/radiojadranka.hr\/index.php\/wp-json\/wp\/v2\/posts\/12742\/revisions"}],"predecessor-version":[{"id":12748,"href":"https:\/\/radiojadranka.hr\/index.php\/wp-json\/wp\/v2\/posts\/12742\/revisions\/12748"}],"wp:featuredmedia":[{"embeddable":true,"href":"https:\/\/radiojadranka.hr\/index.php\/wp-json\/wp\/v2\/media\/12745"}],"wp:attachment":[{"href":"https:\/\/radiojadranka.hr\/index.php\/wp-json\/wp\/v2\/media?parent=12742"}],"wp:term":[{"taxonomy":"category","embeddable":true,"href":"https:\/\/radiojadranka.hr\/index.php\/wp-json\/wp\/v2\/categories?post=12742"},{"taxonomy":"post_tag","embeddable":true,"href":"https:\/\/radiojadranka.hr\/index.php\/wp-json\/wp\/v2\/tags?post=12742"}],"curies":[{"name":"wp","href":"https:\/\/api.w.org\/{rel}","templated":true}]}}