{"id":12733,"date":"2025-04-25T09:17:30","date_gmt":"2025-04-25T07:17:30","guid":{"rendered":"https:\/\/radiojadranka.hr\/?p=12733"},"modified":"2025-04-25T09:22:39","modified_gmt":"2025-04-25T07:22:39","slug":"12733a","status":"publish","type":"post","link":"https:\/\/radiojadranka.hr\/index.php\/2025\/04\/25\/12733a\/","title":{"rendered":"Odgojitelji Cvr\u010dka na stru\u010dnom skupu u Sv. Martinu na Muri"},"content":{"rendered":"<p>U tijeku je me\u0111u\u017eupanijski stru\u010dni skup: Zajedno rastemo &#8211; stru\u010dnjaci kao pokreta\u010di promjena u ranom i pred\u0161kolskom odgoju i obrazovanju u\u00a0 Sv. Martinu na Muri. Odgojitelji na\u0161eg Dje\u010djeg vrti\u0107a Cvr\u010dak sudjeluju na skupu kao predava\u010di. Ana Begi\u0107 i Marija Eliza Sereki prezentiraju rad &#8220;Na\u0161e malo putovanje&#8221;, Nikola Grgi\u0107 i Monika Mio\u010di\u0107 prezentiraju rad &#8220;Zanimanja &#8211; suradnja s roditeljima i lokalnom zajednicom&#8221;,\u00a0 te Borka Kar\u010di\u0107 i Ana Bodi\u0161 prezentiraju rad &#8220;Tjedan zdravlja u vrti\u0107u.&#8221; Tako\u0111er, odgojiteljice DV Girice iz Cresa aktivno sudjeluju te prezentiraju primjere svoje dobre prakse. Ponosni smo \u0161to u na\u0161oj zajednici imamo stru\u010dnjake koji sudjeluju u\u00a0 unaprje\u0111enju odgojno obrazovne prakse.<\/p>\n<p><img fetchpriority=\"high\" decoding=\"async\" class=\"alignnone size-medium wp-image-12734\" src=\"https:\/\/radiojadranka.hr\/wp-content\/uploads\/2025\/04\/IMG-20250424-WA0010-770x578.jpg\" alt=\"\" width=\"770\" height=\"578\" srcset=\"https:\/\/radiojadranka.hr\/wp-content\/uploads\/2025\/04\/IMG-20250424-WA0010-770x578.jpg 770w, https:\/\/radiojadranka.hr\/wp-content\/uploads\/2025\/04\/IMG-20250424-WA0010-1170x878.jpg 1170w, https:\/\/radiojadranka.hr\/wp-content\/uploads\/2025\/04\/IMG-20250424-WA0010-768x576.jpg 768w, https:\/\/radiojadranka.hr\/wp-content\/uploads\/2025\/04\/IMG-20250424-WA0010-1536x1152.jpg 1536w, https:\/\/radiojadranka.hr\/wp-content\/uploads\/2025\/04\/IMG-20250424-WA0010.jpg 1600w\" sizes=\"(max-width: 770px) 100vw, 770px\" \/><\/p>\n","protected":false},"excerpt":{"rendered":"<p>U tijeku je me\u0111u\u017eupanijski stru\u010dni skup: Zajedno rastemo &#8211; stru\u010dnjaci kao pokreta\u010di promjena u ranom i pred\u0161kolskom odgoju i obrazovanju u\u00a0 Sv. Martinu na Muri. Odgojitelji na\u0161eg Dje\u010djeg vrti\u0107a Cvr\u010dak sudjeluju na skupu kao predava\u010di. Ana Begi\u0107 i Marija Eliza Sereki prezentiraju rad &#8220;Na\u0161e malo putovanje&#8221;, Nikola Grgi\u0107 i Monika ...<\/p>\n","protected":false},"author":2,"featured_media":12735,"comment_status":"closed","ping_status":"open","sticky":false,"template":"","format":"audio","meta":{"footnotes":""},"categories":[72],"tags":[],"class_list":["post-12733","post","type-post","status-publish","format-audio","has-post-thumbnail","hentry","category-vijesti","post_format-post-format-audio"],"aioseo_notices":[],"_links":{"self":[{"href":"https:\/\/radiojadranka.hr\/index.php\/wp-json\/wp\/v2\/posts\/12733","targetHints":{"allow":["GET"]}}],"collection":[{"href":"https:\/\/radiojadranka.hr\/index.php\/wp-json\/wp\/v2\/posts"}],"about":[{"href":"https:\/\/radiojadranka.hr\/index.php\/wp-json\/wp\/v2\/types\/post"}],"author":[{"embeddable":true,"href":"https:\/\/radiojadranka.hr\/index.php\/wp-json\/wp\/v2\/users\/2"}],"replies":[{"embeddable":true,"href":"https:\/\/radiojadranka.hr\/index.php\/wp-json\/wp\/v2\/comments?post=12733"}],"version-history":[{"count":4,"href":"https:\/\/radiojadranka.hr\/index.php\/wp-json\/wp\/v2\/posts\/12733\/revisions"}],"predecessor-version":[{"id":12739,"href":"https:\/\/radiojadranka.hr\/index.php\/wp-json\/wp\/v2\/posts\/12733\/revisions\/12739"}],"wp:featuredmedia":[{"embeddable":true,"href":"https:\/\/radiojadranka.hr\/index.php\/wp-json\/wp\/v2\/media\/12735"}],"wp:attachment":[{"href":"https:\/\/radiojadranka.hr\/index.php\/wp-json\/wp\/v2\/media?parent=12733"}],"wp:term":[{"taxonomy":"category","embeddable":true,"href":"https:\/\/radiojadranka.hr\/index.php\/wp-json\/wp\/v2\/categories?post=12733"},{"taxonomy":"post_tag","embeddable":true,"href":"https:\/\/radiojadranka.hr\/index.php\/wp-json\/wp\/v2\/tags?post=12733"}],"curies":[{"name":"wp","href":"https:\/\/api.w.org\/{rel}","templated":true}]}}